{"id":1236,"date":"2025-12-04T11:51:05","date_gmt":"2025-12-04T10:51:05","guid":{"rendered":"https:\/\/www.landefeld.de\/magazin\/?p=1236"},"modified":"2026-01-02T15:58:36","modified_gmt":"2026-01-02T14:58:36","slug":"verstaerkung-auf-top-level-tobias-kluth-wird-neuer-cfo","status":"publish","type":"post","link":"https:\/\/www.landefeld.de\/magazin\/verstaerkung-auf-top-level-tobias-kluth-wird-neuer-cfo\/","title":{"rendered":"Verst\u00e4rkung auf Top-Level: Tobias Kluth wird neuer CFO"},"content":{"rendered":"\t\t<div data-elementor-type=\"wp-post\" data-elementor-id=\"1236\" class=\"elementor elementor-1236\" data-elementor-settings=\"{&quot;element_pack_global_tooltip_width&quot;:{&quot;unit&quot;:&quot;px&quot;,&quot;size&quot;:&quot;&quot;,&quot;sizes&quot;:[]},&quot;element_pack_global_tooltip_width_laptop&quot;:{&quot;unit&quot;:&quot;px&quot;,&quot;size&quot;:&quot;&quot;,&quot;sizes&quot;:[]},&quot;element_pack_global_tooltip_width_tablet_extra&quot;:{&quot;unit&quot;:&quot;px&quot;,&quot;size&quot;:&quot;&quot;,&quot;sizes&quot;:[]},&quot;element_pack_global_tooltip_width_tablet&quot;:{&quot;unit&quot;:&quot;px&quot;,&quot;size&quot;:&quot;&quot;,&quot;sizes&quot;:[]},&quot;element_pack_global_tooltip_width_mobile_extra&quot;:{&quot;unit&quot;:&quot;px&quot;,&quot;size&quot;:&quot;&quot;,&quot;sizes&quot;:[]},&quot;element_pack_global_tooltip_width_mobile&quot;:{&quot;unit&quot;:&quot;px&quot;,&quot;size&quot;:&quot;&quot;,&quot;sizes&quot;:[]},&quot;element_pack_global_tooltip_padding&quot;:{&quot;unit&quot;:&quot;px&quot;,&quot;top&quot;:&quot;&quot;,&quot;right&quot;:&quot;&quot;,&quot;bottom&quot;:&quot;&quot;,&quot;left&quot;:&quot;&quot;,&quot;isLinked&quot;:true},&quot;element_pack_global_tooltip_padding_laptop&quot;:{&quot;unit&quot;:&quot;px&quot;,&quot;top&quot;:&quot;&quot;,&quot;right&quot;:&quot;&quot;,&quot;bottom&quot;:&quot;&quot;,&quot;left&quot;:&quot;&quot;,&quot;isLinked&quot;:true},&quot;element_pack_global_tooltip_padding_tablet_extra&quot;:{&quot;unit&quot;:&quot;px&quot;,&quot;top&quot;:&quot;&quot;,&quot;right&quot;:&quot;&quot;,&quot;bottom&quot;:&quot;&quot;,&quot;left&quot;:&quot;&quot;,&quot;isLinked&quot;:true},&quot;element_pack_global_tooltip_padding_tablet&quot;:{&quot;unit&quot;:&quot;px&quot;,&quot;top&quot;:&quot;&quot;,&quot;right&quot;:&quot;&quot;,&quot;bottom&quot;:&quot;&quot;,&quot;left&quot;:&quot;&quot;,&quot;isLinked&quot;:true},&quot;element_pack_global_tooltip_padding_mobile_extra&quot;:{&quot;unit&quot;:&quot;px&quot;,&quot;top&quot;:&quot;&quot;,&quot;right&quot;:&quot;&quot;,&quot;bottom&quot;:&quot;&quot;,&quot;left&quot;:&quot;&quot;,&quot;isLinked&quot;:true},&quot;element_pack_global_tooltip_padding_mobile&quot;:{&quot;unit&quot;:&quot;px&quot;,&quot;top&quot;:&quot;&quot;,&quot;right&quot;:&quot;&quot;,&quot;bottom&quot;:&quot;&quot;,&quot;left&quot;:&quot;&quot;,&quot;isLinked&quot;:true},&quot;element_pack_global_tooltip_border_radius&quot;:{&quot;unit&quot;:&quot;px&quot;,&quot;top&quot;:&quot;&quot;,&quot;right&quot;:&quot;&quot;,&quot;bottom&quot;:&quot;&quot;,&quot;left&quot;:&quot;&quot;,&quot;isLinked&quot;:true},&quot;element_pack_global_tooltip_border_radius_laptop&quot;:{&quot;unit&quot;:&quot;px&quot;,&quot;top&quot;:&quot;&quot;,&quot;right&quot;:&quot;&quot;,&quot;bottom&quot;:&quot;&quot;,&quot;left&quot;:&quot;&quot;,&quot;isLinked&quot;:true},&quot;element_pack_global_tooltip_border_radius_tablet_extra&quot;:{&quot;unit&quot;:&quot;px&quot;,&quot;top&quot;:&quot;&quot;,&quot;right&quot;:&quot;&quot;,&quot;bottom&quot;:&quot;&quot;,&quot;left&quot;:&quot;&quot;,&quot;isLinked&quot;:true},&quot;element_pack_global_tooltip_border_radius_tablet&quot;:{&quot;unit&quot;:&quot;px&quot;,&quot;top&quot;:&quot;&quot;,&quot;right&quot;:&quot;&quot;,&quot;bottom&quot;:&quot;&quot;,&quot;left&quot;:&quot;&quot;,&quot;isLinked&quot;:true},&quot;element_pack_global_tooltip_border_radius_mobile_extra&quot;:{&quot;unit&quot;:&quot;px&quot;,&quot;top&quot;:&quot;&quot;,&quot;right&quot;:&quot;&quot;,&quot;bottom&quot;:&quot;&quot;,&quot;left&quot;:&quot;&quot;,&quot;isLinked&quot;:true},&quot;element_pack_global_tooltip_border_radius_mobile&quot;:{&quot;unit&quot;:&quot;px&quot;,&quot;top&quot;:&quot;&quot;,&quot;right&quot;:&quot;&quot;,&quot;bottom&quot;:&quot;&quot;,&quot;left&quot;:&quot;&quot;,&quot;isLinked&quot;:true}}\" data-elementor-post-type=\"post\">\n\t\t\t\t<div class=\"elementor-element elementor-element-42b055e e-flex e-con-boxed e-con e-parent\" data-id=\"42b055e\" data-element_type=\"container\" data-e-type=\"container\">\n\t\t\t\t\t<div class=\"e-con-inner\">\n\t\t\t\t<div class=\"elementor-element elementor-element-323c881 elementor-widget elementor-widget-text-editor\" data-id=\"323c881\" data-element_type=\"widget\" data-e-type=\"widget\" data-widget_type=\"text-editor.default\">\n\t\t\t\t<div class=\"elementor-widget-container\">\n\t\t\t\t\t\t\t\t\t<p data-start=\"374\" data-end=\"429\"><strong data-start=\"374\" data-end=\"429\">Mit Weitblick und Finanzexpertise auf Wachstumskurs<\/strong><\/p><p data-start=\"431\" data-end=\"808\">Bei Landefeld denken wir an die Zukunft. Als der f\u00fchrende europ\u00e4ische Anbieter f\u00fcr Pneumatik-, Hydraulik- und Industriekomponenten gestalten wir M\u00e4rkte aktiv mit \u2013 verl\u00e4sslich, kundenorientiert und wachstumsstark. Um diesen Weg weiter konsequent zu verfolgen, verst\u00e4rken wir unser F\u00fchrungsteam: Seit dem 1. Juni 2025 ist Tobias Kluth unser neuer Chief Financial Officer (CFO).<\/p><p data-start=\"810\" data-end=\"1140\">Er \u00fcbernimmt die Verantwortung f\u00fcr die zentralen strategischen Bereiche Finanzen, Controlling, Recht, Steuern, Unternehmensentwicklung sowie M&amp;A. Mit ihm gewinnen wir nicht nur einen erfahrenen Finanzexperten, sondern auch einen Menschen, der die Sprache des Mittelstands spricht und unsere Werte als Familienunternehmen versteht.<\/p>\t\t\t\t\t\t\t\t<\/div>\n\t\t\t\t<\/div>\n\t\t\t\t\t<\/div>\n\t\t\t\t<\/div>\n\t\t<div class=\"elementor-element elementor-element-db00f17 e-flex e-con-boxed e-con e-parent\" data-id=\"db00f17\" data-element_type=\"container\" data-e-type=\"container\" data-settings=\"{&quot;background_background&quot;:&quot;classic&quot;}\">\n\t\t\t\t\t<div class=\"e-con-inner\">\n\t\t<div class=\"elementor-element elementor-element-458a469 e-con-full e-flex e-con e-child\" data-id=\"458a469\" data-element_type=\"container\" data-e-type=\"container\">\n\t\t\t\t<div class=\"elementor-element elementor-element-27bf261 elementor-widget elementor-widget-image\" data-id=\"27bf261\" data-element_type=\"widget\" data-e-type=\"widget\" data-widget_type=\"image.default\">\n\t\t\t\t<div class=\"elementor-widget-container\">\n\t\t\t\t\t\t\t\t\t\t\t\t\t\t\t<img fetchpriority=\"high\" decoding=\"async\" width=\"800\" height=\"800\" src=\"https:\/\/www.landefeld.de\/magazin\/wp-content\/uploads\/2025\/12\/kluth-bearbeitung-1024x1024.jpg\" class=\"attachment-large size-large wp-image-1240\" alt=\"\" srcset=\"https:\/\/www.landefeld.de\/magazin\/wp-content\/uploads\/2025\/12\/kluth-bearbeitung-1024x1024.jpg 1024w, https:\/\/www.landefeld.de\/magazin\/wp-content\/uploads\/2025\/12\/kluth-bearbeitung-300x300.jpg 300w, https:\/\/www.landefeld.de\/magazin\/wp-content\/uploads\/2025\/12\/kluth-bearbeitung-150x150.jpg 150w, https:\/\/www.landefeld.de\/magazin\/wp-content\/uploads\/2025\/12\/kluth-bearbeitung-768x768.jpg 768w, https:\/\/www.landefeld.de\/magazin\/wp-content\/uploads\/2025\/12\/kluth-bearbeitung.jpg 1080w\" sizes=\"(max-width: 800px) 100vw, 800px\" \/>\t\t\t\t\t\t\t\t\t\t\t\t\t\t\t<\/div>\n\t\t\t\t<\/div>\n\t\t\t\t<\/div>\n\t\t<div class=\"elementor-element elementor-element-275315c e-con-full e-flex e-con e-child\" data-id=\"275315c\" data-element_type=\"container\" data-e-type=\"container\">\n\t\t\t\t<div class=\"elementor-element elementor-element-0614393 elementor-blockquote--skin-border elementor-widget elementor-widget-blockquote\" data-id=\"0614393\" data-element_type=\"widget\" data-e-type=\"widget\" data-widget_type=\"blockquote.default\">\n\t\t\t\t<div class=\"elementor-widget-container\">\n\t\t\t\t\t\t\t<blockquote class=\"elementor-blockquote\">\n\t\t\t<p class=\"elementor-blockquote__content\">\n\t\t\t\t\"Landefeld ist ein spannendes, innovatives Familienunternehmen mit einer starken Marktposition\nund einer klaren Wachstumsstrategie. Ich freue mich darauf, gemeinsam mit dem Team die\nn\u00e4chste Phase der Unternehmensentwicklung aktiv und erfolgreich mitzugestalten.\"\t\t\t<\/p>\n\t\t\t\t\t\t\t<div class=\"e-q-footer\">\n\t\t\t\t\t\t\t\t\t\t\t<cite class=\"elementor-blockquote__author\">Tobias Kluth - CFO<\/cite>\n\t\t\t\t\t\t\t\t\t\t\t\t\t\t<\/div>\n\t\t\t\t\t<\/blockquote>\n\t\t\t\t\t\t<\/div>\n\t\t\t\t<\/div>\n\t\t\t\t<\/div>\n\t\t\t\t\t<\/div>\n\t\t\t\t<\/div>\n\t\t<div class=\"elementor-element elementor-element-5f0a577 e-flex e-con-boxed e-con e-parent\" data-id=\"5f0a577\" data-element_type=\"container\" data-e-type=\"container\">\n\t\t\t\t\t<div class=\"e-con-inner\">\n\t\t<div class=\"elementor-element elementor-element-f2175a4 e-con-full e-flex e-con e-child\" data-id=\"f2175a4\" data-element_type=\"container\" data-e-type=\"container\">\n\t\t\t\t<div class=\"elementor-element elementor-element-c79b6fb elementor-widget elementor-widget-heading\" data-id=\"c79b6fb\" data-element_type=\"widget\" data-e-type=\"widget\" data-widget_type=\"heading.default\">\n\t\t\t\t<div class=\"elementor-widget-container\">\n\t\t\t\t\t<h2 class=\"elementor-heading-title elementor-size-default\">Ein CFO, der beides mitbringt: Zahlenverst\u00e4ndnis und Unternehmertum<\/h2>\t\t\t\t<\/div>\n\t\t\t\t<\/div>\n\t\t\t\t<\/div>\n\t\t\t\t<div class=\"elementor-element elementor-element-8f6c30b elementor-widget elementor-widget-text-editor\" data-id=\"8f6c30b\" data-element_type=\"widget\" data-e-type=\"widget\" data-widget_type=\"text-editor.default\">\n\t\t\t\t<div class=\"elementor-widget-container\">\n\t\t\t\t\t\t\t\t\t<p data-start=\"1219\" data-end=\"1711\">Tobias Kluth ist Diplom-Kaufmann, Bankkaufmann, MBA und Chartered Financial Analyst \u2013 und vor allem: ein gestandener Finanzprofi mit \u00fcber zwei Jahrzehnten Erfahrung im internationalen Umfeld. Zuletzt war er als Advisory Partner bei der Wirtschaftspr\u00fcfungsgesellschaft Grant Thornton t\u00e4tig, wo er unter anderem den gesamten Beratungsbereich leitete. In dieser Funktion hat er zahlreiche Unternehmen durch anspruchsvolle Transformationsprozesse, M&amp;A-Transaktionen und Wachstumsphasen begleitet.<\/p><p data-start=\"1713\" data-end=\"2038\">Was ihn besonders auszeichnet: seine F\u00e4higkeit, finanzielle Weitsicht mit unternehmerischem Denken zu verbinden. Er kennt die Anforderungen wachstumsstarker Mittelst\u00e4ndler nicht nur aus der Beraterperspektive, sondern auch aus der Praxis \u2013 etwa als langj\u00e4hriges Beiratsmitglied in einem familiengef\u00fchrten Automobilzulieferer.<\/p>\t\t\t\t\t\t\t\t<\/div>\n\t\t\t\t<\/div>\n\t\t\t\t\t<\/div>\n\t\t\t\t<\/div>\n\t\t<div class=\"elementor-element elementor-element-9cc1bed e-flex e-con-boxed e-con e-parent\" data-id=\"9cc1bed\" data-element_type=\"container\" data-e-type=\"container\">\n\t\t\t\t\t<div class=\"e-con-inner\">\n\t\t<div class=\"elementor-element elementor-element-3ca17bc e-con-full e-flex e-con e-child\" data-id=\"3ca17bc\" data-element_type=\"container\" data-e-type=\"container\">\n\t\t\t\t<div class=\"elementor-element elementor-element-2353b53 elementor-widget elementor-widget-heading\" data-id=\"2353b53\" data-element_type=\"widget\" data-e-type=\"widget\" data-widget_type=\"heading.default\">\n\t\t\t\t<div class=\"elementor-widget-container\">\n\t\t\t\t\t<h2 class=\"elementor-heading-title elementor-size-default\">Sie denken \u00fcber eine Unternehmensnachfolge nach? Sprechen Sie uns an.<\/h2>\t\t\t\t<\/div>\n\t\t\t\t<\/div>\n\t\t\t\t<\/div>\n\t\t\t\t<div class=\"elementor-element elementor-element-6ff4f4b elementor-widget elementor-widget-text-editor\" data-id=\"6ff4f4b\" data-element_type=\"widget\" data-e-type=\"widget\" data-widget_type=\"text-editor.default\">\n\t\t\t\t<div class=\"elementor-widget-container\">\n\t\t\t\t\t\t\t\t\t<p>Der Mittelstand ist das R\u00fcckgrat unserer Wirtschaft \u2013 und wir bei Landefeld wissen, wie viel Verantwortung und Herzblut in jedem dieser Unternehmen steckt. Wenn Sie aus unserer Branche kommen und mit dem Gedanken spielen, Ihr Unternehmen in den kommenden Monaten oder Jahren in neue H\u00e4nde zu geben, stehen wir Ihnen als verl\u00e4sslicher, mittelst\u00e4ndisch gepr\u00e4gter Partner zur Seite.<\/p><p><strong>Tobias Kluth<\/strong><\/p><p>E-Mail: tobias.kluth@landefeld.de<br \/>Mobil: +49151-18511494<\/p><p><strong>Z\u00f6gern Sie nicht, Tobias Kluth direkt anzusprechen \u2013 wir freuen uns auf das Gespr\u00e4ch.<\/strong><\/p>\t\t\t\t\t\t\t\t<\/div>\n\t\t\t\t<\/div>\n\t\t\t\t\t<\/div>\n\t\t\t\t<\/div>\n\t\t<div class=\"elementor-element elementor-element-5728fdf e-flex e-con-boxed e-con e-parent\" data-id=\"5728fdf\" data-element_type=\"container\" data-e-type=\"container\">\n\t\t\t\t\t<div class=\"e-con-inner\">\n\t\t<div class=\"elementor-element elementor-element-018214f e-con-full e-flex e-con e-child\" data-id=\"018214f\" data-element_type=\"container\" data-e-type=\"container\">\n\t\t\t\t<div class=\"elementor-element elementor-element-2a55ba2 elementor-widget elementor-widget-heading\" data-id=\"2a55ba2\" data-element_type=\"widget\" data-e-type=\"widget\" data-widget_type=\"heading.default\">\n\t\t\t\t<div class=\"elementor-widget-container\">\n\t\t\t\t\t<h2 class=\"elementor-heading-title elementor-size-default\">Gemeinsam neue Wege gestalten<\/h2>\t\t\t\t<\/div>\n\t\t\t\t<\/div>\n\t\t\t\t<\/div>\n\t\t\t\t<div class=\"elementor-element elementor-element-308a250 elementor-widget elementor-widget-text-editor\" data-id=\"308a250\" data-element_type=\"widget\" data-e-type=\"widget\" data-widget_type=\"text-editor.default\">\n\t\t\t\t<div class=\"elementor-widget-container\">\n\t\t\t\t\t\t\t\t\t<p data-start=\"2079\" data-end=\"2586\">Die Entscheidung, Tobias Kluth in unser F\u00fchrungsteam zu holen, ist f\u00fcr uns ein wichtiger Schritt. Denn bei allem, was wir tun, denken wir langfristig \u2013 und wollen unsere erfolgreiche Entwicklung mit klarer Struktur und neuen Impulsen weiter vorantreiben. Der Finanzbereich spielt dabei eine zentrale Rolle: Ob beim Ausbau unseres Portfolios, bei Investitionen in Digitalisierung oder bei der gezielten Suche nach Partnerschaften und Akquisitionen \u2013 wir wollen finanziell noch strategischer aufgestellt sein.<\/p><p data-start=\"2079\" data-end=\"2586\">\u00a0<\/p><p data-start=\"2588\" data-end=\"2959\">Unser Gesch\u00e4ftsf\u00fchrer Lars Landefeld bringt es auf den Punkt:<br data-start=\"2649\" data-end=\"2652\" \/>\u201eMit Tobias Kluth gewinnen wir einen CFO, der Fachkompetenz mit einem ausgepr\u00e4gten Verst\u00e4ndnis f\u00fcr den Mittelstand verbindet. F\u00fcr unser geplantes Wachstum in Deutschland und Europa sowie die gezielte Erweiterung unseres Portfolios ist seine Erfahrung in M&amp;A- und Transformationsprozessen ein echter Gewinn.\u201c<\/p><p data-start=\"2588\" data-end=\"2959\">\u00a0<\/p>\t\t\t\t\t\t\t\t<\/div>\n\t\t\t\t<\/div>\n\t\t\t\t\t<\/div>\n\t\t\t\t<\/div>\n\t\t<div class=\"elementor-element elementor-element-2be7c4e e-flex e-con-boxed e-con e-parent\" data-id=\"2be7c4e\" data-element_type=\"container\" data-e-type=\"container\">\n\t\t\t\t\t<div class=\"e-con-inner\">\n\t\t<div class=\"elementor-element elementor-element-de373d6 e-con-full e-flex e-con e-child\" data-id=\"de373d6\" data-element_type=\"container\" data-e-type=\"container\">\n\t\t\t\t<div class=\"elementor-element elementor-element-2bb0a6d elementor-widget elementor-widget-heading\" data-id=\"2bb0a6d\" data-element_type=\"widget\" data-e-type=\"widget\" data-widget_type=\"heading.default\">\n\t\t\t\t<div class=\"elementor-widget-container\">\n\t\t\t\t\t<h2 class=\"elementor-heading-title elementor-size-default\">Ein starkes Zeichen f\u00fcr unsere Zukunft<\/h2>\t\t\t\t<\/div>\n\t\t\t\t<\/div>\n\t\t\t\t<\/div>\n\t\t\t\t<div class=\"elementor-element elementor-element-1dab041 elementor-widget elementor-widget-text-editor\" data-id=\"1dab041\" data-element_type=\"widget\" data-e-type=\"widget\" data-widget_type=\"text-editor.default\">\n\t\t\t\t<div class=\"elementor-widget-container\">\n\t\t\t\t\t\t\t\t\t<p data-start=\"4003\" data-end=\"4044\">\u00a0Mit der Besetzung der CFO-Rolle durch Tobias Kluth senden wir ein klares Signal: Landefeld bleibt auf Wachstumskurs \u2013 strukturiert, entschlossen und verantwortungsbewusst. Gleichzeitig bekennen wir uns zu unseren Wurzeln als Familienunternehmen. Unsere Entscheidungskultur ist gepr\u00e4gt von Vertrauen, Verl\u00e4sslichkeit und Weitsicht \u2013 Eigenschaften, die auch Tobias Kluth in seine neue Aufgabe einbringt.<\/p><p data-start=\"4389\" data-end=\"4426\"><strong>Herzlich willkommen bei Landefeld!<\/strong><\/p><p data-start=\"4428\" data-end=\"4552\">Wir freuen uns auf die Zusammenarbeit und viele gemeinsame Schritte in Richtung Zukunft.<\/p>\t\t\t\t\t\t\t\t<\/div>\n\t\t\t\t<\/div>\n\t\t\t\t\t<\/div>\n\t\t\t\t<\/div>\n\t\t\t\t<\/div>\n\t\t","protected":false},"excerpt":{"rendered":"<p>Mit Weitblick und Finanzexpertise auf Wachstumskurs Bei Landefeld denken wir an die Zukunft. Als der f\u00fchrende europ\u00e4ische Anbieter f\u00fcr Pneumatik-, Hydraulik- und Industriekomponenten gestalten wir M\u00e4rkte aktiv mit \u2013 verl\u00e4sslich, kundenorientiert und wachstumsstark. Um diesen Weg weiter konsequent zu verfolgen, verst\u00e4rken wir unser F\u00fchrungsteam: Seit dem 1. Juni 2025 ist Tobias Kluth unser neuer Chief [&hellip;]<\/p>\n","protected":false},"author":3,"featured_media":3314,"comment_status":"closed","ping_status":"open","sticky":false,"template":"","format":"standard","meta":{"_acf_changed":false,"footnotes":""},"categories":[1],"tags":[],"themenwelt":[15],"class_list":["post-1236","post","type-post","status-publish","format-standard","has-post-thumbnail","hentry","category-allgemein","themenwelt-schulung-weiterbildung"],"acf":[],"yoast_head":"<!-- This site is optimized with the Yoast SEO Premium plugin v27.0 (Yoast SEO v27.4) - https:\/\/yoast.com\/product\/yoast-seo-premium-wordpress\/ -->\n<title>Verst\u00e4rkung auf Top-Level: Tobias Kluth wird neuer CFO<\/title>\n<meta name=\"description\" content=\"Neuer CFO bei Landefeld: Tobias Kluth bringt Erfahrung in Finanzen und Mittelstand mit. Jetzt mehr \u00fcber seinen Start im Unternehmen lesen.\" \/>\n<meta name=\"robots\" content=\"index, follow, max-snippet:-1, max-image-preview:large, max-video-preview:-1\" \/>\n<link rel=\"canonical\" href=\"https:\/\/www.landefeld.de\/magazin\/verstaerkung-auf-top-level-tobias-kluth-wird-neuer-cfo\/\" \/>\n<meta property=\"og:locale\" content=\"de_DE\" \/>\n<meta property=\"og:type\" content=\"article\" \/>\n<meta property=\"og:title\" content=\"Verst\u00e4rkung auf Top-Level: Tobias Kluth wird neuer CFO\" \/>\n<meta property=\"og:description\" content=\"Neuer CFO bei Landefeld: Tobias Kluth bringt Erfahrung in Finanzen und Mittelstand mit. Jetzt mehr \u00fcber seinen Start im Unternehmen lesen.\" \/>\n<meta property=\"og:url\" content=\"https:\/\/www.landefeld.de\/magazin\/verstaerkung-auf-top-level-tobias-kluth-wird-neuer-cfo\/\" \/>\n<meta property=\"og:site_name\" content=\"Landefeld.de\" \/>\n<meta property=\"article:publisher\" content=\"https:\/\/www.facebook.com\/landefeld.de\" \/>\n<meta property=\"article:published_time\" content=\"2025-12-04T10:51:05+00:00\" \/>\n<meta property=\"article:modified_time\" content=\"2026-01-02T14:58:36+00:00\" \/>\n<meta property=\"og:image\" content=\"https:\/\/www.landefeld.de\/magazin\/wp-content\/uploads\/2025\/12\/Tobias-Kluth-CFO.jpg\" \/>\n\t<meta property=\"og:image:width\" content=\"1200\" \/>\n\t<meta property=\"og:image:height\" content=\"800\" \/>\n\t<meta property=\"og:image:type\" content=\"image\/jpeg\" \/>\n<meta name=\"author\" content=\"Patrick Putschelik\" \/>\n<meta name=\"twitter:card\" content=\"summary_large_image\" \/>\n<meta name=\"twitter:label1\" content=\"Verfasst von\" \/>\n\t<meta name=\"twitter:data1\" content=\"Patrick Putschelik\" \/>\n\t<meta name=\"twitter:label2\" content=\"Gesch\u00e4tzte Lesezeit\" \/>\n\t<meta name=\"twitter:data2\" content=\"3\u00a0Minuten\" \/>\n<script type=\"application\/ld+json\" class=\"yoast-schema-graph\">{\"@context\":\"https:\\\/\\\/schema.org\",\"@graph\":[{\"@type\":\"Article\",\"@id\":\"https:\\\/\\\/www.landefeld.de\\\/magazin\\\/verstaerkung-auf-top-level-tobias-kluth-wird-neuer-cfo\\\/#article\",\"isPartOf\":{\"@id\":\"https:\\\/\\\/www.landefeld.de\\\/magazin\\\/verstaerkung-auf-top-level-tobias-kluth-wird-neuer-cfo\\\/\"},\"author\":{\"name\":\"Patrick Putschelik\",\"@id\":\"https:\\\/\\\/www.landefeld.de\\\/magazin\\\/#\\\/schema\\\/person\\\/152e78d4ad6dcd6ca1e295b2bfc56e72\"},\"headline\":\"Verst\u00e4rkung auf Top-Level: Tobias Kluth wird neuer CFO\",\"datePublished\":\"2025-12-04T10:51:05+00:00\",\"dateModified\":\"2026-01-02T14:58:36+00:00\",\"mainEntityOfPage\":{\"@id\":\"https:\\\/\\\/www.landefeld.de\\\/magazin\\\/verstaerkung-auf-top-level-tobias-kluth-wird-neuer-cfo\\\/\"},\"wordCount\":565,\"publisher\":{\"@id\":\"https:\\\/\\\/www.landefeld.de\\\/magazin\\\/#organization\"},\"image\":{\"@id\":\"https:\\\/\\\/www.landefeld.de\\\/magazin\\\/verstaerkung-auf-top-level-tobias-kluth-wird-neuer-cfo\\\/#primaryimage\"},\"thumbnailUrl\":\"https:\\\/\\\/www.landefeld.de\\\/magazin\\\/wp-content\\\/uploads\\\/2025\\\/12\\\/Tobias-Kluth-CFO.jpg\",\"inLanguage\":\"de\"},{\"@type\":\"WebPage\",\"@id\":\"https:\\\/\\\/www.landefeld.de\\\/magazin\\\/verstaerkung-auf-top-level-tobias-kluth-wird-neuer-cfo\\\/\",\"url\":\"https:\\\/\\\/www.landefeld.de\\\/magazin\\\/verstaerkung-auf-top-level-tobias-kluth-wird-neuer-cfo\\\/\",\"name\":\"Verst\u00e4rkung auf Top-Level: Tobias Kluth wird neuer CFO\",\"isPartOf\":{\"@id\":\"https:\\\/\\\/www.landefeld.de\\\/magazin\\\/#website\"},\"primaryImageOfPage\":{\"@id\":\"https:\\\/\\\/www.landefeld.de\\\/magazin\\\/verstaerkung-auf-top-level-tobias-kluth-wird-neuer-cfo\\\/#primaryimage\"},\"image\":{\"@id\":\"https:\\\/\\\/www.landefeld.de\\\/magazin\\\/verstaerkung-auf-top-level-tobias-kluth-wird-neuer-cfo\\\/#primaryimage\"},\"thumbnailUrl\":\"https:\\\/\\\/www.landefeld.de\\\/magazin\\\/wp-content\\\/uploads\\\/2025\\\/12\\\/Tobias-Kluth-CFO.jpg\",\"datePublished\":\"2025-12-04T10:51:05+00:00\",\"dateModified\":\"2026-01-02T14:58:36+00:00\",\"description\":\"Neuer CFO bei Landefeld: Tobias Kluth bringt Erfahrung in Finanzen und Mittelstand mit. Jetzt mehr \u00fcber seinen Start im Unternehmen lesen.\",\"breadcrumb\":{\"@id\":\"https:\\\/\\\/www.landefeld.de\\\/magazin\\\/verstaerkung-auf-top-level-tobias-kluth-wird-neuer-cfo\\\/#breadcrumb\"},\"inLanguage\":\"de\",\"potentialAction\":[{\"@type\":\"ReadAction\",\"target\":[\"https:\\\/\\\/www.landefeld.de\\\/magazin\\\/verstaerkung-auf-top-level-tobias-kluth-wird-neuer-cfo\\\/\"]}]},{\"@type\":\"ImageObject\",\"inLanguage\":\"de\",\"@id\":\"https:\\\/\\\/www.landefeld.de\\\/magazin\\\/verstaerkung-auf-top-level-tobias-kluth-wird-neuer-cfo\\\/#primaryimage\",\"url\":\"https:\\\/\\\/www.landefeld.de\\\/magazin\\\/wp-content\\\/uploads\\\/2025\\\/12\\\/Tobias-Kluth-CFO.jpg\",\"contentUrl\":\"https:\\\/\\\/www.landefeld.de\\\/magazin\\\/wp-content\\\/uploads\\\/2025\\\/12\\\/Tobias-Kluth-CFO.jpg\",\"width\":1200,\"height\":800,\"caption\":\"Tobias Kluth CFO\"},{\"@type\":\"BreadcrumbList\",\"@id\":\"https:\\\/\\\/www.landefeld.de\\\/magazin\\\/verstaerkung-auf-top-level-tobias-kluth-wird-neuer-cfo\\\/#breadcrumb\",\"itemListElement\":[{\"@type\":\"ListItem\",\"position\":1,\"name\":\"Startseite\",\"item\":\"https:\\\/\\\/www.landefeld.de\\\/magazin\\\/\"},{\"@type\":\"ListItem\",\"position\":2,\"name\":\"Verst\u00e4rkung auf Top-Level: Tobias Kluth wird neuer CFO\"}]},{\"@type\":\"WebSite\",\"@id\":\"https:\\\/\\\/www.landefeld.de\\\/magazin\\\/#website\",\"url\":\"https:\\\/\\\/www.landefeld.de\\\/magazin\\\/\",\"name\":\"Landefeld Magazin\",\"description\":\"\",\"publisher\":{\"@id\":\"https:\\\/\\\/www.landefeld.de\\\/magazin\\\/#organization\"},\"alternateName\":\"Landefeld\",\"potentialAction\":[{\"@type\":\"SearchAction\",\"target\":{\"@type\":\"EntryPoint\",\"urlTemplate\":\"https:\\\/\\\/www.landefeld.de\\\/magazin\\\/?s={search_term_string}\"},\"query-input\":{\"@type\":\"PropertyValueSpecification\",\"valueRequired\":true,\"valueName\":\"search_term_string\"}}],\"inLanguage\":\"de\"},{\"@type\":\"Organization\",\"@id\":\"https:\\\/\\\/www.landefeld.de\\\/magazin\\\/#organization\",\"name\":\"Landefeld Druckluft und Hydraulik GmbH\",\"alternateName\":\"Landefeld\",\"url\":\"https:\\\/\\\/www.landefeld.de\\\/magazin\\\/\",\"logo\":{\"@type\":\"ImageObject\",\"inLanguage\":\"de\",\"@id\":\"https:\\\/\\\/www.landefeld.de\\\/magazin\\\/#\\\/schema\\\/logo\\\/image\\\/\",\"url\":\"https:\\\/\\\/www.landefeld.de\\\/magazin\\\/wp-content\\\/uploads\\\/2025\\\/07\\\/landefeld-logo-blau.svg\",\"contentUrl\":\"https:\\\/\\\/www.landefeld.de\\\/magazin\\\/wp-content\\\/uploads\\\/2025\\\/07\\\/landefeld-logo-blau.svg\",\"width\":1445,\"height\":249,\"caption\":\"Landefeld Druckluft und Hydraulik GmbH\"},\"image\":{\"@id\":\"https:\\\/\\\/www.landefeld.de\\\/magazin\\\/#\\\/schema\\\/logo\\\/image\\\/\"},\"sameAs\":[\"https:\\\/\\\/www.facebook.com\\\/landefeld.de\",\"https:\\\/\\\/www.instagram.com\\\/landefeld_druckluft_hydraulik\\\/\",\"https:\\\/\\\/www.youtube.com\\\/@landefeld\",\"https:\\\/\\\/de.linkedin.com\\\/company\\\/landefeld-druckluft-und-hydraulik-gmbh\",\"https:\\\/\\\/www.xing.com\\\/pages\\\/landefelddruckluftundhydraulikgmbh\"],\"description\":\"Wir sind der f\u00fchrende, europaweit agierender Lieferant f\u00fcr Komponenten der Pneumatik, Hydraulik und des Industriebedarfs. In praktisch allen technischen Produktionsprozessen sind ein oder mehrere Artikel verbaut, die wir f\u00fcr Sie bevorraten. Als erfahrener Systemlieferant bedienen wir t\u00e4glich eine Vielzahl unterschiedlicher Branchen, Unternehmen und Menschen. Dabei spielt es keine Rolle ob Sie als Gro\u00dfkonzern, mittelst\u00e4ndisches Unternehmen, kleiner Handwerksbetrieb oder als Privatperson Kunde bei uns sind. Wir bieten all unseren Kunden den einzigartigen Landefeld Service!\",\"email\":\"verkauf@landefeld.de\",\"telephone\":\"+49561958859\",\"legalName\":\"Landefeld Druckluft und Hydraulik GmbH\",\"foundingDate\":\"1979-01-01\",\"vatID\":\"DE113078807\",\"numberOfEmployees\":{\"@type\":\"QuantitativeValue\",\"minValue\":\"201\",\"maxValue\":\"500\"}},{\"@type\":\"Person\",\"@id\":\"https:\\\/\\\/www.landefeld.de\\\/magazin\\\/#\\\/schema\\\/person\\\/152e78d4ad6dcd6ca1e295b2bfc56e72\",\"name\":\"Patrick Putschelik\",\"image\":{\"@type\":\"ImageObject\",\"inLanguage\":\"de\",\"@id\":\"https:\\\/\\\/secure.gravatar.com\\\/avatar\\\/7f71d1df390a08e1ceb17e4fea70cf8f5f9faecd6e2cf30d2329388fd3fc2498?s=96&d=mm&r=g\",\"url\":\"https:\\\/\\\/secure.gravatar.com\\\/avatar\\\/7f71d1df390a08e1ceb17e4fea70cf8f5f9faecd6e2cf30d2329388fd3fc2498?s=96&d=mm&r=g\",\"contentUrl\":\"https:\\\/\\\/secure.gravatar.com\\\/avatar\\\/7f71d1df390a08e1ceb17e4fea70cf8f5f9faecd6e2cf30d2329388fd3fc2498?s=96&d=mm&r=g\",\"caption\":\"Patrick Putschelik\"},\"url\":\"https:\\\/\\\/www.landefeld.de\\\/magazin\\\/author\\\/patrick-putschelik\\\/\"}]}<\/script>\n<!-- \/ Yoast SEO Premium plugin. -->","yoast_head_json":{"title":"Verst\u00e4rkung auf Top-Level: Tobias Kluth wird neuer CFO","description":"Neuer CFO bei Landefeld: Tobias Kluth bringt Erfahrung in Finanzen und Mittelstand mit. Jetzt mehr \u00fcber seinen Start im Unternehmen lesen.","robots":{"index":"index","follow":"follow","max-snippet":"max-snippet:-1","max-image-preview":"max-image-preview:large","max-video-preview":"max-video-preview:-1"},"canonical":"https:\/\/www.landefeld.de\/magazin\/verstaerkung-auf-top-level-tobias-kluth-wird-neuer-cfo\/","og_locale":"de_DE","og_type":"article","og_title":"Verst\u00e4rkung auf Top-Level: Tobias Kluth wird neuer CFO","og_description":"Neuer CFO bei Landefeld: Tobias Kluth bringt Erfahrung in Finanzen und Mittelstand mit. Jetzt mehr \u00fcber seinen Start im Unternehmen lesen.","og_url":"https:\/\/www.landefeld.de\/magazin\/verstaerkung-auf-top-level-tobias-kluth-wird-neuer-cfo\/","og_site_name":"Landefeld.de","article_publisher":"https:\/\/www.facebook.com\/landefeld.de","article_published_time":"2025-12-04T10:51:05+00:00","article_modified_time":"2026-01-02T14:58:36+00:00","og_image":[{"width":1200,"height":800,"url":"https:\/\/www.landefeld.de\/magazin\/wp-content\/uploads\/2025\/12\/Tobias-Kluth-CFO.jpg","type":"image\/jpeg"}],"author":"Patrick Putschelik","twitter_card":"summary_large_image","twitter_misc":{"Verfasst von":"Patrick Putschelik","Gesch\u00e4tzte Lesezeit":"3\u00a0Minuten"},"schema":{"@context":"https:\/\/schema.org","@graph":[{"@type":"Article","@id":"https:\/\/www.landefeld.de\/magazin\/verstaerkung-auf-top-level-tobias-kluth-wird-neuer-cfo\/#article","isPartOf":{"@id":"https:\/\/www.landefeld.de\/magazin\/verstaerkung-auf-top-level-tobias-kluth-wird-neuer-cfo\/"},"author":{"name":"Patrick Putschelik","@id":"https:\/\/www.landefeld.de\/magazin\/#\/schema\/person\/152e78d4ad6dcd6ca1e295b2bfc56e72"},"headline":"Verst\u00e4rkung auf Top-Level: Tobias Kluth wird neuer CFO","datePublished":"2025-12-04T10:51:05+00:00","dateModified":"2026-01-02T14:58:36+00:00","mainEntityOfPage":{"@id":"https:\/\/www.landefeld.de\/magazin\/verstaerkung-auf-top-level-tobias-kluth-wird-neuer-cfo\/"},"wordCount":565,"publisher":{"@id":"https:\/\/www.landefeld.de\/magazin\/#organization"},"image":{"@id":"https:\/\/www.landefeld.de\/magazin\/verstaerkung-auf-top-level-tobias-kluth-wird-neuer-cfo\/#primaryimage"},"thumbnailUrl":"https:\/\/www.landefeld.de\/magazin\/wp-content\/uploads\/2025\/12\/Tobias-Kluth-CFO.jpg","inLanguage":"de"},{"@type":"WebPage","@id":"https:\/\/www.landefeld.de\/magazin\/verstaerkung-auf-top-level-tobias-kluth-wird-neuer-cfo\/","url":"https:\/\/www.landefeld.de\/magazin\/verstaerkung-auf-top-level-tobias-kluth-wird-neuer-cfo\/","name":"Verst\u00e4rkung auf Top-Level: Tobias Kluth wird neuer CFO","isPartOf":{"@id":"https:\/\/www.landefeld.de\/magazin\/#website"},"primaryImageOfPage":{"@id":"https:\/\/www.landefeld.de\/magazin\/verstaerkung-auf-top-level-tobias-kluth-wird-neuer-cfo\/#primaryimage"},"image":{"@id":"https:\/\/www.landefeld.de\/magazin\/verstaerkung-auf-top-level-tobias-kluth-wird-neuer-cfo\/#primaryimage"},"thumbnailUrl":"https:\/\/www.landefeld.de\/magazin\/wp-content\/uploads\/2025\/12\/Tobias-Kluth-CFO.jpg","datePublished":"2025-12-04T10:51:05+00:00","dateModified":"2026-01-02T14:58:36+00:00","description":"Neuer CFO bei Landefeld: Tobias Kluth bringt Erfahrung in Finanzen und Mittelstand mit. Jetzt mehr \u00fcber seinen Start im Unternehmen lesen.","breadcrumb":{"@id":"https:\/\/www.landefeld.de\/magazin\/verstaerkung-auf-top-level-tobias-kluth-wird-neuer-cfo\/#breadcrumb"},"inLanguage":"de","potentialAction":[{"@type":"ReadAction","target":["https:\/\/www.landefeld.de\/magazin\/verstaerkung-auf-top-level-tobias-kluth-wird-neuer-cfo\/"]}]},{"@type":"ImageObject","inLanguage":"de","@id":"https:\/\/www.landefeld.de\/magazin\/verstaerkung-auf-top-level-tobias-kluth-wird-neuer-cfo\/#primaryimage","url":"https:\/\/www.landefeld.de\/magazin\/wp-content\/uploads\/2025\/12\/Tobias-Kluth-CFO.jpg","contentUrl":"https:\/\/www.landefeld.de\/magazin\/wp-content\/uploads\/2025\/12\/Tobias-Kluth-CFO.jpg","width":1200,"height":800,"caption":"Tobias Kluth CFO"},{"@type":"BreadcrumbList","@id":"https:\/\/www.landefeld.de\/magazin\/verstaerkung-auf-top-level-tobias-kluth-wird-neuer-cfo\/#breadcrumb","itemListElement":[{"@type":"ListItem","position":1,"name":"Startseite","item":"https:\/\/www.landefeld.de\/magazin\/"},{"@type":"ListItem","position":2,"name":"Verst\u00e4rkung auf Top-Level: Tobias Kluth wird neuer CFO"}]},{"@type":"WebSite","@id":"https:\/\/www.landefeld.de\/magazin\/#website","url":"https:\/\/www.landefeld.de\/magazin\/","name":"Landefeld Magazin","description":"","publisher":{"@id":"https:\/\/www.landefeld.de\/magazin\/#organization"},"alternateName":"Landefeld","potentialAction":[{"@type":"SearchAction","target":{"@type":"EntryPoint","urlTemplate":"https:\/\/www.landefeld.de\/magazin\/?s={search_term_string}"},"query-input":{"@type":"PropertyValueSpecification","valueRequired":true,"valueName":"search_term_string"}}],"inLanguage":"de"},{"@type":"Organization","@id":"https:\/\/www.landefeld.de\/magazin\/#organization","name":"Landefeld Druckluft und Hydraulik GmbH","alternateName":"Landefeld","url":"https:\/\/www.landefeld.de\/magazin\/","logo":{"@type":"ImageObject","inLanguage":"de","@id":"https:\/\/www.landefeld.de\/magazin\/#\/schema\/logo\/image\/","url":"https:\/\/www.landefeld.de\/magazin\/wp-content\/uploads\/2025\/07\/landefeld-logo-blau.svg","contentUrl":"https:\/\/www.landefeld.de\/magazin\/wp-content\/uploads\/2025\/07\/landefeld-logo-blau.svg","width":1445,"height":249,"caption":"Landefeld Druckluft und Hydraulik GmbH"},"image":{"@id":"https:\/\/www.landefeld.de\/magazin\/#\/schema\/logo\/image\/"},"sameAs":["https:\/\/www.facebook.com\/landefeld.de","https:\/\/www.instagram.com\/landefeld_druckluft_hydraulik\/","https:\/\/www.youtube.com\/@landefeld","https:\/\/de.linkedin.com\/company\/landefeld-druckluft-und-hydraulik-gmbh","https:\/\/www.xing.com\/pages\/landefelddruckluftundhydraulikgmbh"],"description":"Wir sind der f\u00fchrende, europaweit agierender Lieferant f\u00fcr Komponenten der Pneumatik, Hydraulik und des Industriebedarfs. In praktisch allen technischen Produktionsprozessen sind ein oder mehrere Artikel verbaut, die wir f\u00fcr Sie bevorraten. Als erfahrener Systemlieferant bedienen wir t\u00e4glich eine Vielzahl unterschiedlicher Branchen, Unternehmen und Menschen. Dabei spielt es keine Rolle ob Sie als Gro\u00dfkonzern, mittelst\u00e4ndisches Unternehmen, kleiner Handwerksbetrieb oder als Privatperson Kunde bei uns sind. Wir bieten all unseren Kunden den einzigartigen Landefeld Service!","email":"verkauf@landefeld.de","telephone":"+49561958859","legalName":"Landefeld Druckluft und Hydraulik GmbH","foundingDate":"1979-01-01","vatID":"DE113078807","numberOfEmployees":{"@type":"QuantitativeValue","minValue":"201","maxValue":"500"}},{"@type":"Person","@id":"https:\/\/www.landefeld.de\/magazin\/#\/schema\/person\/152e78d4ad6dcd6ca1e295b2bfc56e72","name":"Patrick Putschelik","image":{"@type":"ImageObject","inLanguage":"de","@id":"https:\/\/secure.gravatar.com\/avatar\/7f71d1df390a08e1ceb17e4fea70cf8f5f9faecd6e2cf30d2329388fd3fc2498?s=96&d=mm&r=g","url":"https:\/\/secure.gravatar.com\/avatar\/7f71d1df390a08e1ceb17e4fea70cf8f5f9faecd6e2cf30d2329388fd3fc2498?s=96&d=mm&r=g","contentUrl":"https:\/\/secure.gravatar.com\/avatar\/7f71d1df390a08e1ceb17e4fea70cf8f5f9faecd6e2cf30d2329388fd3fc2498?s=96&d=mm&r=g","caption":"Patrick Putschelik"},"url":"https:\/\/www.landefeld.de\/magazin\/author\/patrick-putschelik\/"}]}},"_links":{"self":[{"href":"https:\/\/www.landefeld.de\/magazin\/wp-json\/wp\/v2\/posts\/1236","targetHints":{"allow":["GET"]}}],"collection":[{"href":"https:\/\/www.landefeld.de\/magazin\/wp-json\/wp\/v2\/posts"}],"about":[{"href":"https:\/\/www.landefeld.de\/magazin\/wp-json\/wp\/v2\/types\/post"}],"author":[{"embeddable":true,"href":"https:\/\/www.landefeld.de\/magazin\/wp-json\/wp\/v2\/users\/3"}],"replies":[{"embeddable":true,"href":"https:\/\/www.landefeld.de\/magazin\/wp-json\/wp\/v2\/comments?post=1236"}],"version-history":[{"count":0,"href":"https:\/\/www.landefeld.de\/magazin\/wp-json\/wp\/v2\/posts\/1236\/revisions"}],"wp:featuredmedia":[{"embeddable":true,"href":"https:\/\/www.landefeld.de\/magazin\/wp-json\/wp\/v2\/media\/3314"}],"wp:attachment":[{"href":"https:\/\/www.landefeld.de\/magazin\/wp-json\/wp\/v2\/media?parent=1236"}],"wp:term":[{"taxonomy":"category","embeddable":true,"href":"https:\/\/www.landefeld.de\/magazin\/wp-json\/wp\/v2\/categories?post=1236"},{"taxonomy":"post_tag","embeddable":true,"href":"https:\/\/www.landefeld.de\/magazin\/wp-json\/wp\/v2\/tags?post=1236"},{"taxonomy":"themenwelt","embeddable":true,"href":"https:\/\/www.landefeld.de\/magazin\/wp-json\/wp\/v2\/themenwelt?post=1236"}],"curies":[{"name":"wp","href":"https:\/\/api.w.org\/{rel}","templated":true}]}}