{"id":1336,"date":"2025-12-04T13:54:54","date_gmt":"2025-12-04T12:54:54","guid":{"rendered":"https:\/\/www.landefeld.de\/magazin\/?p=1336"},"modified":"2026-02-25T12:00:10","modified_gmt":"2026-02-25T11:00:10","slug":"innovation-entsteht-durch-vision-lagererweiterung-bei-landefeld","status":"publish","type":"post","link":"https:\/\/www.landefeld.de\/magazin\/innovation-entsteht-durch-vision-lagererweiterung-bei-landefeld\/","title":{"rendered":"Innovation entsteht durch Vision &#8211; Lagererweiterung bei Landefeld!"},"content":{"rendered":"\t\t<div data-elementor-type=\"wp-post\" data-elementor-id=\"1336\" class=\"elementor elementor-1336\" data-elementor-settings=\"{&quot;element_pack_global_tooltip_width&quot;:{&quot;unit&quot;:&quot;px&quot;,&quot;size&quot;:&quot;&quot;,&quot;sizes&quot;:[]},&quot;element_pack_global_tooltip_width_laptop&quot;:{&quot;unit&quot;:&quot;px&quot;,&quot;size&quot;:&quot;&quot;,&quot;sizes&quot;:[]},&quot;element_pack_global_tooltip_width_tablet_extra&quot;:{&quot;unit&quot;:&quot;px&quot;,&quot;size&quot;:&quot;&quot;,&quot;sizes&quot;:[]},&quot;element_pack_global_tooltip_width_tablet&quot;:{&quot;unit&quot;:&quot;px&quot;,&quot;size&quot;:&quot;&quot;,&quot;sizes&quot;:[]},&quot;element_pack_global_tooltip_width_mobile_extra&quot;:{&quot;unit&quot;:&quot;px&quot;,&quot;size&quot;:&quot;&quot;,&quot;sizes&quot;:[]},&quot;element_pack_global_tooltip_width_mobile&quot;:{&quot;unit&quot;:&quot;px&quot;,&quot;size&quot;:&quot;&quot;,&quot;sizes&quot;:[]},&quot;element_pack_global_tooltip_padding&quot;:{&quot;unit&quot;:&quot;px&quot;,&quot;top&quot;:&quot;&quot;,&quot;right&quot;:&quot;&quot;,&quot;bottom&quot;:&quot;&quot;,&quot;left&quot;:&quot;&quot;,&quot;isLinked&quot;:true},&quot;element_pack_global_tooltip_padding_laptop&quot;:{&quot;unit&quot;:&quot;px&quot;,&quot;top&quot;:&quot;&quot;,&quot;right&quot;:&quot;&quot;,&quot;bottom&quot;:&quot;&quot;,&quot;left&quot;:&quot;&quot;,&quot;isLinked&quot;:true},&quot;element_pack_global_tooltip_padding_tablet_extra&quot;:{&quot;unit&quot;:&quot;px&quot;,&quot;top&quot;:&quot;&quot;,&quot;right&quot;:&quot;&quot;,&quot;bottom&quot;:&quot;&quot;,&quot;left&quot;:&quot;&quot;,&quot;isLinked&quot;:true},&quot;element_pack_global_tooltip_padding_tablet&quot;:{&quot;unit&quot;:&quot;px&quot;,&quot;top&quot;:&quot;&quot;,&quot;right&quot;:&quot;&quot;,&quot;bottom&quot;:&quot;&quot;,&quot;left&quot;:&quot;&quot;,&quot;isLinked&quot;:true},&quot;element_pack_global_tooltip_padding_mobile_extra&quot;:{&quot;unit&quot;:&quot;px&quot;,&quot;top&quot;:&quot;&quot;,&quot;right&quot;:&quot;&quot;,&quot;bottom&quot;:&quot;&quot;,&quot;left&quot;:&quot;&quot;,&quot;isLinked&quot;:true},&quot;element_pack_global_tooltip_padding_mobile&quot;:{&quot;unit&quot;:&quot;px&quot;,&quot;top&quot;:&quot;&quot;,&quot;right&quot;:&quot;&quot;,&quot;bottom&quot;:&quot;&quot;,&quot;left&quot;:&quot;&quot;,&quot;isLinked&quot;:true},&quot;element_pack_global_tooltip_border_radius&quot;:{&quot;unit&quot;:&quot;px&quot;,&quot;top&quot;:&quot;&quot;,&quot;right&quot;:&quot;&quot;,&quot;bottom&quot;:&quot;&quot;,&quot;left&quot;:&quot;&quot;,&quot;isLinked&quot;:true},&quot;element_pack_global_tooltip_border_radius_laptop&quot;:{&quot;unit&quot;:&quot;px&quot;,&quot;top&quot;:&quot;&quot;,&quot;right&quot;:&quot;&quot;,&quot;bottom&quot;:&quot;&quot;,&quot;left&quot;:&quot;&quot;,&quot;isLinked&quot;:true},&quot;element_pack_global_tooltip_border_radius_tablet_extra&quot;:{&quot;unit&quot;:&quot;px&quot;,&quot;top&quot;:&quot;&quot;,&quot;right&quot;:&quot;&quot;,&quot;bottom&quot;:&quot;&quot;,&quot;left&quot;:&quot;&quot;,&quot;isLinked&quot;:true},&quot;element_pack_global_tooltip_border_radius_tablet&quot;:{&quot;unit&quot;:&quot;px&quot;,&quot;top&quot;:&quot;&quot;,&quot;right&quot;:&quot;&quot;,&quot;bottom&quot;:&quot;&quot;,&quot;left&quot;:&quot;&quot;,&quot;isLinked&quot;:true},&quot;element_pack_global_tooltip_border_radius_mobile_extra&quot;:{&quot;unit&quot;:&quot;px&quot;,&quot;top&quot;:&quot;&quot;,&quot;right&quot;:&quot;&quot;,&quot;bottom&quot;:&quot;&quot;,&quot;left&quot;:&quot;&quot;,&quot;isLinked&quot;:true},&quot;element_pack_global_tooltip_border_radius_mobile&quot;:{&quot;unit&quot;:&quot;px&quot;,&quot;top&quot;:&quot;&quot;,&quot;right&quot;:&quot;&quot;,&quot;bottom&quot;:&quot;&quot;,&quot;left&quot;:&quot;&quot;,&quot;isLinked&quot;:true}}\" data-elementor-post-type=\"post\">\n\t\t\t\t<div class=\"elementor-element elementor-element-1268acc4 e-flex e-con-boxed e-con e-parent\" data-id=\"1268acc4\" data-element_type=\"container\" data-e-type=\"container\">\n\t\t\t\t\t<div class=\"e-con-inner\">\n\t\t<div class=\"elementor-element elementor-element-465ab9d9 e-con-full e-flex e-con e-child\" data-id=\"465ab9d9\" data-element_type=\"container\" data-e-type=\"container\">\n\t\t\t\t<div class=\"elementor-element elementor-element-15b79ec9 elementor-widget elementor-widget-heading\" data-id=\"15b79ec9\" data-element_type=\"widget\" data-e-type=\"widget\" data-widget_type=\"heading.default\">\n\t\t\t\t<div class=\"elementor-widget-container\">\n\t\t\t\t\t<h2 class=\"elementor-heading-title elementor-size-default\">Unser Herzst\u00fcck wird erweitert!<\/h2>\t\t\t\t<\/div>\n\t\t\t\t<\/div>\n\t\t\t\t<\/div>\n\t\t\t\t<div class=\"elementor-element elementor-element-6dfad6c5 elementor-widget elementor-widget-text-editor\" data-id=\"6dfad6c5\" data-element_type=\"widget\" data-e-type=\"widget\" data-widget_type=\"text-editor.default\">\n\t\t\t\t<div class=\"elementor-widget-container\">\n\t\t\t\t\t\t\t\t\t<p>Mit einer Gesamtfl\u00e4che von 27.000 qm, 560.000 Einzellagerpl\u00e4tzen sowie 7.000 Palettenlagerpl\u00e4tzen haben 80 engagierte Mitarbeiter bisher daf\u00fcr gesorgt das 15.000 Orderlines, 3.500 Pakete und somit 22 Tonnen an Wareng\u00fctern t\u00e4glich bearbeitet und versendet wurden. Das sind durchaus imposante Fakten, die uns als einen der f\u00fchrenden, europaweit agierenden Lieferanten der Pneumatik, Hydraulik und des Industriebedarfs auszeichnen.<\/p><p>Aber als ein dynamisch wachsendes Unternehmen m\u00f6chten wir unseren Kunden immer den bestm\u00f6glichen Service bieten. Eine wichtige Rolle spielt hier unsere Infrastruktur. Aus diesem Grund erweitern wir unsere Lagerkapazit\u00e4t!<\/p>\t\t\t\t\t\t\t\t<\/div>\n\t\t\t\t<\/div>\n\t\t\t\t\t<\/div>\n\t\t\t\t<\/div>\n\t\t<div class=\"elementor-element elementor-element-6f612a8 e-flex e-con-boxed e-con e-parent\" data-id=\"6f612a8\" data-element_type=\"container\" data-e-type=\"container\">\n\t\t\t\t\t<div class=\"e-con-inner\">\n\t\t<div class=\"elementor-element elementor-element-66e60154 e-con-full e-flex e-con e-child\" data-id=\"66e60154\" data-element_type=\"container\" data-e-type=\"container\">\n\t\t\t\t<div class=\"elementor-element elementor-element-6f9eb80c elementor-widget elementor-widget-heading\" data-id=\"6f9eb80c\" data-element_type=\"widget\" data-e-type=\"widget\" data-widget_type=\"heading.default\">\n\t\t\t\t<div class=\"elementor-widget-container\">\n\t\t\t\t\t<h2 class=\"elementor-heading-title elementor-size-default\">Mehr Lagerfl\u00e4che bedeutet eine schnellere und h\u00f6here Lieferf\u00e4higkeit!<\/h2>\t\t\t\t<\/div>\n\t\t\t\t<\/div>\n\t\t\t\t<\/div>\n\t\t\t\t<div class=\"elementor-element elementor-element-455a52bf elementor-widget elementor-widget-text-editor\" data-id=\"455a52bf\" data-element_type=\"widget\" data-e-type=\"widget\" data-widget_type=\"text-editor.default\">\n\t\t\t\t<div class=\"elementor-widget-container\">\n\t\t\t\t\t\t\t\t\t<p>Um dieses zu erreichen bauen wir ein neues 107 Meter langes, 16 Meter breites und 37 Meter hohes, vollautomatisiertes, 2-gassiges Palettenhochregal. Dieses Hochregal bietet uns die M\u00f6glichkeit in den zwei Gassen 16.000 Paletten zu lagern. Zudem k\u00f6nnen wir es auf sieben Gassen erweitern. Das bedeutet f\u00fcr die Endbaustufe eine Lagerkapazit\u00e4t von bis zu 56.000 Paletten. Zus\u00e4tzlich bauen wir noch einen neuen 34 Meter langen, 20 Meter breiten und 7 Meter hohen Wareneingang mit Andockstation f\u00fcr LKW. Insgesamt verbauen wir f\u00fcr den Zu- und Abtransport von Paletten in das Hochregal ca. 250 Meter Palettenf\u00f6rder-<br \/>technik.<\/p><p>Die Fertigstellung unserer Lagererweiterung ist f\u00fcr den April \/ Mai 2021 geplant.<\/p>\t\t\t\t\t\t\t\t<\/div>\n\t\t\t\t<\/div>\n\t\t\t\t\t<\/div>\n\t\t\t\t<\/div>\n\t\t<div class=\"elementor-element elementor-element-5b46a29c e-flex e-con-boxed e-con e-parent\" data-id=\"5b46a29c\" data-element_type=\"container\" data-e-type=\"container\">\n\t\t\t\t\t<div class=\"e-con-inner\">\n\t\t<div class=\"elementor-element elementor-element-6a20cff5 e-con-full e-flex e-con e-child\" data-id=\"6a20cff5\" data-element_type=\"container\" data-e-type=\"container\">\n\t\t\t\t<div class=\"elementor-element elementor-element-3453f6ac elementor-widget elementor-widget-heading\" data-id=\"3453f6ac\" data-element_type=\"widget\" data-e-type=\"widget\" data-widget_type=\"heading.default\">\n\t\t\t\t<div class=\"elementor-widget-container\">\n\t\t\t\t\t<h2 class=\"elementor-heading-title elementor-size-default\">Seien Sie mittendrin, statt nur dabei!<\/h2>\t\t\t\t<\/div>\n\t\t\t\t<\/div>\n\t\t\t\t<\/div>\n\t\t\t\t<div class=\"elementor-element elementor-element-36a9e9e2 elementor-widget elementor-widget-text-editor\" data-id=\"36a9e9e2\" data-element_type=\"widget\" data-e-type=\"widget\" data-widget_type=\"text-editor.default\">\n\t\t\t\t<div class=\"elementor-widget-container\">\n\t\t\t\t\t\t\t\t\t<p>Transparenz ist neben der Innovation ein weiterer, st\u00e4ndiger Begleiter unsere Gesch\u00e4ftsphilosophie. Aus diesem Grund m\u00f6chten wir Sie einladen unser Bauprojekt von Anfang an zu begleiten. Verfolgen Sie auf unserem YouTube Kanal den Livestream zur Baustelle und verpassen Sie keinen einzigen Bauabschnitt. Au\u00dferdem k\u00f6nnen Sie auf all unseren Social Media Kan\u00e4len wie dem Landefeld Blog, unserer Facebook Seite oder unserem Instagram Account den Bau verfolgen. Mit regelm\u00e4\u00dfigen Neuigkeiten, Fotostrecken und Videobeitr\u00e4gen halten wir Sie dort auf dem Laufenden.<\/p><p><!-- \/wp:paragraph --> <!-- wp:paragraph --><\/p><p>Begleiten Sie uns auf der spannenden Reise unserer Weiterentwicklung f\u00fcr Sie!<\/p><p><!-- \/wp:paragraph --> <!-- wp:paragraph --><\/p><p>Lesen Sie <a href=\"https:\/\/www.landefeld.de\/blog\/unser-lager-landefelds-herzstueck\/\" target=\"_blank\" rel=\"noreferrer noopener\">hier<\/a> weitere interessante Details zu unserem vollautomatisierten Lager!<\/p><p><!-- \/wp:paragraph --><\/p>\t\t\t\t\t\t\t\t<\/div>\n\t\t\t\t<\/div>\n\t\t\t\t<div class=\"elementor-element elementor-element-b018456 elementor-widget elementor-widget-heading\" data-id=\"b018456\" data-element_type=\"widget\" data-e-type=\"widget\" data-widget_type=\"heading.default\">\n\t\t\t\t<div class=\"elementor-widget-container\">\n\t\t\t\t\t<h3 class=\"elementor-heading-title elementor-size-default\"><a href=\"https:\/\/www.youtube.com\/watch?v=N0mOY4r_dZw&#038;feature=youtu.be\">Verfolgen Sie hier unseren Livestream!<\/a><\/h3>\t\t\t\t<\/div>\n\t\t\t\t<\/div>\n\t\t\t\t<div class=\"elementor-element elementor-element-49a59e8 elementor-widget elementor-widget-text-editor\" data-id=\"49a59e8\" data-element_type=\"widget\" data-e-type=\"widget\" data-widget_type=\"text-editor.default\">\n\t\t\t\t<div class=\"elementor-widget-container\">\n\t\t\t\t\t\t\t\t\t<p>Abonnieren Sie au\u00dferdem unseren <a href=\"https:\/\/www.youtube.com\/channel\/UCXMA-z-RCgxFFE0P3Pz1XtA\" target=\"_blank\" rel=\"noreferrer noopener\">YouTube-Kanal<\/a> um kein Video zu verpassen!<\/p>\t\t\t\t\t\t\t\t<\/div>\n\t\t\t\t<\/div>\n\t\t\t\t\t<\/div>\n\t\t\t\t<\/div>\n\t\t<div class=\"elementor-element elementor-element-7f436d2 e-flex e-con-boxed e-con e-parent\" data-id=\"7f436d2\" data-element_type=\"container\" data-e-type=\"container\">\n\t\t\t\t\t<div class=\"e-con-inner\">\n\t\t<div class=\"elementor-element elementor-element-4f3981d8 e-con-full e-flex e-con e-child\" data-id=\"4f3981d8\" data-element_type=\"container\" data-e-type=\"container\">\n\t\t\t\t<div class=\"elementor-element elementor-element-3ec57089 elementor-widget elementor-widget-heading\" data-id=\"3ec57089\" data-element_type=\"widget\" data-e-type=\"widget\" data-widget_type=\"heading.default\">\n\t\t\t\t<div class=\"elementor-widget-container\">\n\t\t\t\t\t<h2 class=\"elementor-heading-title elementor-size-default\">Lesen und sehen Sie hier weiteres interessantes \u00fcber unser Unternehmen<\/h2>\t\t\t\t<\/div>\n\t\t\t\t<\/div>\n\t\t\t\t<\/div>\n\t\t\t\t<div class=\"elementor-element elementor-element-6abef50b elementor-widget elementor-widget-text-editor\" data-id=\"6abef50b\" data-element_type=\"widget\" data-e-type=\"widget\" data-widget_type=\"text-editor.default\">\n\t\t\t\t<div class=\"elementor-widget-container\">\n\t\t\t\t\t\t\t\t\t<p><!-- wp:list --><\/p><ul class=\"wp-block-list\"><!-- wp:list-item --><li><a href=\"https:\/\/www.hna.de\/kassel\/waldau-ort84621\/made-kassel-landefeld-gmbh-bietet-alles-rund-hydraulik-5982842.html\" target=\"_blank\" rel=\"noreferrer noopener\">HNA Artikel: Made in Kassel<\/a><\/li><!-- \/wp:list-item --> <!-- wp:list-item --><li><a href=\"https:\/\/www.hna.de\/kassel\/firma-landefeld-aus-kassel-begruent-waende-von-industriehallen-10311312.html\" target=\"_blank\" rel=\"noreferrer noopener\">HNA Artikel: Living Walls bei Landefeld<\/a><\/li><!-- \/wp:list-item --> <!-- wp:list-item --><li><a href=\"https:\/\/www.youtube.com\/watch?v=XN6opgG1EXk\" target=\"_blank\" rel=\"noreferrer noopener\">RTL Beitrag: Living Walls bei Landefeld<\/a><\/li><!-- \/wp:list-item --><\/ul><p><!-- \/wp:list --><\/p>\t\t\t\t\t\t\t\t<\/div>\n\t\t\t\t<\/div>\n\t\t\t\t\t<\/div>\n\t\t\t\t<\/div>\n\t\t<div class=\"elementor-element elementor-element-98c653e e-flex e-con-boxed e-con e-parent\" data-id=\"98c653e\" data-element_type=\"container\" data-e-type=\"container\">\n\t\t\t\t\t<div class=\"e-con-inner\">\n\t\t\t\t\t<\/div>\n\t\t\t\t<\/div>\n\t\t\t\t<\/div>\n\t\t","protected":false},"excerpt":{"rendered":"<p>Unser Herzst\u00fcck wird erweitert! Mit einer Gesamtfl\u00e4che von 27.000 qm, 560.000 Einzellagerpl\u00e4tzen sowie 7.000 Palettenlagerpl\u00e4tzen haben 80 engagierte Mitarbeiter bisher daf\u00fcr gesorgt das 15.000 Orderlines, 3.500 Pakete und somit 22 Tonnen an Wareng\u00fctern t\u00e4glich bearbeitet und versendet wurden. Das sind durchaus imposante Fakten, die uns als einen der f\u00fchrenden, europaweit agierenden Lieferanten der Pneumatik, Hydraulik [&hellip;]<\/p>\n","protected":false},"author":4,"featured_media":2977,"comment_status":"closed","ping_status":"closed","sticky":false,"template":"tpl-single-video.php","format":"standard","meta":{"_acf_changed":false,"footnotes":""},"categories":[1],"tags":[],"themenwelt":[65],"class_list":["post-1336","post","type-post","status-publish","format-standard","has-post-thumbnail","hentry","category-allgemein","themenwelt-ueber-landefeld"],"acf":[],"yoast_head":"<!-- This site is optimized with the Yoast SEO Premium plugin v27.0 (Yoast SEO v27.4) - https:\/\/yoast.com\/product\/yoast-seo-premium-wordpress\/ -->\n<title>Innovation entsteht durch Vision - Lagererweiterung bei Landefeld!<\/title>\n<meta name=\"description\" content=\"Im folgenden Video seheh Sie einen Zeitraffer zu unserem Neubau der Halle 5. Denn Innovation entsteht durch Vision. Wir bauen f\u00fcr Sie!\" \/>\n<meta name=\"robots\" content=\"index, follow, max-snippet:-1, max-image-preview:large, max-video-preview:-1\" \/>\n<link rel=\"canonical\" href=\"https:\/\/www.landefeld.de\/magazin\/innovation-entsteht-durch-vision-lagererweiterung-bei-landefeld\/\" \/>\n<meta property=\"og:locale\" content=\"de_DE\" \/>\n<meta property=\"og:type\" content=\"article\" \/>\n<meta property=\"og:title\" content=\"Innovation entsteht durch Vision - Lagererweiterung bei Landefeld!\" \/>\n<meta property=\"og:description\" content=\"Im folgenden Video seheh Sie einen Zeitraffer zu unserem Neubau der Halle 5. Denn Innovation entsteht durch Vision. Wir bauen f\u00fcr Sie!\" \/>\n<meta property=\"og:url\" content=\"https:\/\/www.landefeld.de\/magazin\/innovation-entsteht-durch-vision-lagererweiterung-bei-landefeld\/\" \/>\n<meta property=\"og:site_name\" content=\"Landefeld.de\" \/>\n<meta property=\"article:publisher\" content=\"https:\/\/www.facebook.com\/landefeld.de\" \/>\n<meta property=\"article:published_time\" content=\"2025-12-04T12:54:54+00:00\" \/>\n<meta property=\"article:modified_time\" content=\"2026-02-25T11:00:10+00:00\" \/>\n<meta property=\"og:image\" content=\"https:\/\/www.landefeld.de\/magazin\/wp-content\/uploads\/2025\/12\/Beitragsbild_YouTube_Innovation-entsteht-durch-Vision-Lagererweiterung-bei-Landefeld.jpg\" \/>\n\t<meta property=\"og:image:width\" content=\"1200\" \/>\n\t<meta property=\"og:image:height\" content=\"800\" \/>\n\t<meta property=\"og:image:type\" content=\"image\/jpeg\" \/>\n<meta name=\"author\" content=\"Anne Marie Schmitz\" \/>\n<meta name=\"twitter:card\" content=\"summary_large_image\" \/>\n<meta name=\"twitter:label1\" content=\"Verfasst von\" \/>\n\t<meta name=\"twitter:data1\" content=\"Anne Marie Schmitz\" \/>\n\t<meta name=\"twitter:label2\" content=\"Gesch\u00e4tzte Lesezeit\" \/>\n\t<meta name=\"twitter:data2\" content=\"3\u00a0Minuten\" \/>\n<script type=\"application\/ld+json\" class=\"yoast-schema-graph\">{\"@context\":\"https:\\\/\\\/schema.org\",\"@graph\":[{\"@type\":\"Article\",\"@id\":\"https:\\\/\\\/www.landefeld.de\\\/magazin\\\/innovation-entsteht-durch-vision-lagererweiterung-bei-landefeld\\\/#article\",\"isPartOf\":{\"@id\":\"https:\\\/\\\/www.landefeld.de\\\/magazin\\\/innovation-entsteht-durch-vision-lagererweiterung-bei-landefeld\\\/\"},\"author\":{\"name\":\"Anne Marie Schmitz\",\"@id\":\"https:\\\/\\\/www.landefeld.de\\\/magazin\\\/#\\\/schema\\\/person\\\/35683d71a5d303b63e63d1fb959198ba\"},\"headline\":\"Innovation entsteht durch Vision &#8211; Lagererweiterung bei Landefeld!\",\"datePublished\":\"2025-12-04T12:54:54+00:00\",\"dateModified\":\"2026-02-25T11:00:10+00:00\",\"mainEntityOfPage\":{\"@id\":\"https:\\\/\\\/www.landefeld.de\\\/magazin\\\/innovation-entsteht-durch-vision-lagererweiterung-bei-landefeld\\\/\"},\"wordCount\":370,\"publisher\":{\"@id\":\"https:\\\/\\\/www.landefeld.de\\\/magazin\\\/#organization\"},\"image\":{\"@id\":\"https:\\\/\\\/www.landefeld.de\\\/magazin\\\/innovation-entsteht-durch-vision-lagererweiterung-bei-landefeld\\\/#primaryimage\"},\"thumbnailUrl\":\"https:\\\/\\\/www.landefeld.de\\\/magazin\\\/wp-content\\\/uploads\\\/2025\\\/12\\\/Beitragsbild_YouTube_Innovation-entsteht-durch-Vision-Lagererweiterung-bei-Landefeld.jpg\",\"inLanguage\":\"de\"},{\"@type\":\"WebPage\",\"@id\":\"https:\\\/\\\/www.landefeld.de\\\/magazin\\\/innovation-entsteht-durch-vision-lagererweiterung-bei-landefeld\\\/\",\"url\":\"https:\\\/\\\/www.landefeld.de\\\/magazin\\\/innovation-entsteht-durch-vision-lagererweiterung-bei-landefeld\\\/\",\"name\":\"Innovation entsteht durch Vision - Lagererweiterung bei Landefeld!\",\"isPartOf\":{\"@id\":\"https:\\\/\\\/www.landefeld.de\\\/magazin\\\/#website\"},\"primaryImageOfPage\":{\"@id\":\"https:\\\/\\\/www.landefeld.de\\\/magazin\\\/innovation-entsteht-durch-vision-lagererweiterung-bei-landefeld\\\/#primaryimage\"},\"image\":{\"@id\":\"https:\\\/\\\/www.landefeld.de\\\/magazin\\\/innovation-entsteht-durch-vision-lagererweiterung-bei-landefeld\\\/#primaryimage\"},\"thumbnailUrl\":\"https:\\\/\\\/www.landefeld.de\\\/magazin\\\/wp-content\\\/uploads\\\/2025\\\/12\\\/Beitragsbild_YouTube_Innovation-entsteht-durch-Vision-Lagererweiterung-bei-Landefeld.jpg\",\"datePublished\":\"2025-12-04T12:54:54+00:00\",\"dateModified\":\"2026-02-25T11:00:10+00:00\",\"description\":\"Im folgenden Video seheh Sie einen Zeitraffer zu unserem Neubau der Halle 5. Denn Innovation entsteht durch Vision. Wir bauen f\u00fcr Sie!\",\"breadcrumb\":{\"@id\":\"https:\\\/\\\/www.landefeld.de\\\/magazin\\\/innovation-entsteht-durch-vision-lagererweiterung-bei-landefeld\\\/#breadcrumb\"},\"inLanguage\":\"de\",\"potentialAction\":[{\"@type\":\"ReadAction\",\"target\":[\"https:\\\/\\\/www.landefeld.de\\\/magazin\\\/innovation-entsteht-durch-vision-lagererweiterung-bei-landefeld\\\/\"]}]},{\"@type\":\"ImageObject\",\"inLanguage\":\"de\",\"@id\":\"https:\\\/\\\/www.landefeld.de\\\/magazin\\\/innovation-entsteht-durch-vision-lagererweiterung-bei-landefeld\\\/#primaryimage\",\"url\":\"https:\\\/\\\/www.landefeld.de\\\/magazin\\\/wp-content\\\/uploads\\\/2025\\\/12\\\/Beitragsbild_YouTube_Innovation-entsteht-durch-Vision-Lagererweiterung-bei-Landefeld.jpg\",\"contentUrl\":\"https:\\\/\\\/www.landefeld.de\\\/magazin\\\/wp-content\\\/uploads\\\/2025\\\/12\\\/Beitragsbild_YouTube_Innovation-entsteht-durch-Vision-Lagererweiterung-bei-Landefeld.jpg\",\"width\":1200,\"height\":800,\"caption\":\"Innovation entsteht durch Vision - Lagererweiterung bei Landefeld!\"},{\"@type\":\"BreadcrumbList\",\"@id\":\"https:\\\/\\\/www.landefeld.de\\\/magazin\\\/innovation-entsteht-durch-vision-lagererweiterung-bei-landefeld\\\/#breadcrumb\",\"itemListElement\":[{\"@type\":\"ListItem\",\"position\":1,\"name\":\"Startseite\",\"item\":\"https:\\\/\\\/www.landefeld.de\\\/magazin\\\/\"},{\"@type\":\"ListItem\",\"position\":2,\"name\":\"Innovation entsteht durch Vision &#8211; Lagererweiterung bei Landefeld!\"}]},{\"@type\":\"WebSite\",\"@id\":\"https:\\\/\\\/www.landefeld.de\\\/magazin\\\/#website\",\"url\":\"https:\\\/\\\/www.landefeld.de\\\/magazin\\\/\",\"name\":\"Landefeld Magazin\",\"description\":\"\",\"publisher\":{\"@id\":\"https:\\\/\\\/www.landefeld.de\\\/magazin\\\/#organization\"},\"alternateName\":\"Landefeld\",\"potentialAction\":[{\"@type\":\"SearchAction\",\"target\":{\"@type\":\"EntryPoint\",\"urlTemplate\":\"https:\\\/\\\/www.landefeld.de\\\/magazin\\\/?s={search_term_string}\"},\"query-input\":{\"@type\":\"PropertyValueSpecification\",\"valueRequired\":true,\"valueName\":\"search_term_string\"}}],\"inLanguage\":\"de\"},{\"@type\":\"Organization\",\"@id\":\"https:\\\/\\\/www.landefeld.de\\\/magazin\\\/#organization\",\"name\":\"Landefeld Druckluft und Hydraulik GmbH\",\"alternateName\":\"Landefeld\",\"url\":\"https:\\\/\\\/www.landefeld.de\\\/magazin\\\/\",\"logo\":{\"@type\":\"ImageObject\",\"inLanguage\":\"de\",\"@id\":\"https:\\\/\\\/www.landefeld.de\\\/magazin\\\/#\\\/schema\\\/logo\\\/image\\\/\",\"url\":\"https:\\\/\\\/www.landefeld.de\\\/magazin\\\/wp-content\\\/uploads\\\/2025\\\/07\\\/landefeld-logo-blau.svg\",\"contentUrl\":\"https:\\\/\\\/www.landefeld.de\\\/magazin\\\/wp-content\\\/uploads\\\/2025\\\/07\\\/landefeld-logo-blau.svg\",\"width\":1445,\"height\":249,\"caption\":\"Landefeld Druckluft und Hydraulik GmbH\"},\"image\":{\"@id\":\"https:\\\/\\\/www.landefeld.de\\\/magazin\\\/#\\\/schema\\\/logo\\\/image\\\/\"},\"sameAs\":[\"https:\\\/\\\/www.facebook.com\\\/landefeld.de\",\"https:\\\/\\\/www.instagram.com\\\/landefeld_druckluft_hydraulik\\\/\",\"https:\\\/\\\/www.youtube.com\\\/@landefeld\",\"https:\\\/\\\/de.linkedin.com\\\/company\\\/landefeld-druckluft-und-hydraulik-gmbh\",\"https:\\\/\\\/www.xing.com\\\/pages\\\/landefelddruckluftundhydraulikgmbh\"],\"description\":\"Wir sind der f\u00fchrende, europaweit agierender Lieferant f\u00fcr Komponenten der Pneumatik, Hydraulik und des Industriebedarfs. In praktisch allen technischen Produktionsprozessen sind ein oder mehrere Artikel verbaut, die wir f\u00fcr Sie bevorraten. Als erfahrener Systemlieferant bedienen wir t\u00e4glich eine Vielzahl unterschiedlicher Branchen, Unternehmen und Menschen. Dabei spielt es keine Rolle ob Sie als Gro\u00dfkonzern, mittelst\u00e4ndisches Unternehmen, kleiner Handwerksbetrieb oder als Privatperson Kunde bei uns sind. Wir bieten all unseren Kunden den einzigartigen Landefeld Service!\",\"email\":\"verkauf@landefeld.de\",\"telephone\":\"+49561958859\",\"legalName\":\"Landefeld Druckluft und Hydraulik GmbH\",\"foundingDate\":\"1979-01-01\",\"vatID\":\"DE113078807\",\"numberOfEmployees\":{\"@type\":\"QuantitativeValue\",\"minValue\":\"201\",\"maxValue\":\"500\"}},{\"@type\":\"Person\",\"@id\":\"https:\\\/\\\/www.landefeld.de\\\/magazin\\\/#\\\/schema\\\/person\\\/35683d71a5d303b63e63d1fb959198ba\",\"name\":\"Anne Marie Schmitz\",\"image\":{\"@type\":\"ImageObject\",\"inLanguage\":\"de\",\"@id\":\"https:\\\/\\\/secure.gravatar.com\\\/avatar\\\/a774a67ea56a75d6f05a19acd13c9811b6c699b094d6bf36098beb6e14d411fd?s=96&d=mm&r=g\",\"url\":\"https:\\\/\\\/secure.gravatar.com\\\/avatar\\\/a774a67ea56a75d6f05a19acd13c9811b6c699b094d6bf36098beb6e14d411fd?s=96&d=mm&r=g\",\"contentUrl\":\"https:\\\/\\\/secure.gravatar.com\\\/avatar\\\/a774a67ea56a75d6f05a19acd13c9811b6c699b094d6bf36098beb6e14d411fd?s=96&d=mm&r=g\",\"caption\":\"Anne Marie Schmitz\"},\"url\":\"https:\\\/\\\/www.landefeld.de\\\/magazin\\\/author\\\/annemarie-schmitz\\\/\"}]}<\/script>\n<!-- \/ Yoast SEO Premium plugin. -->","yoast_head_json":{"title":"Innovation entsteht durch Vision - Lagererweiterung bei Landefeld!","description":"Im folgenden Video seheh Sie einen Zeitraffer zu unserem Neubau der Halle 5. Denn Innovation entsteht durch Vision. Wir bauen f\u00fcr Sie!","robots":{"index":"index","follow":"follow","max-snippet":"max-snippet:-1","max-image-preview":"max-image-preview:large","max-video-preview":"max-video-preview:-1"},"canonical":"https:\/\/www.landefeld.de\/magazin\/innovation-entsteht-durch-vision-lagererweiterung-bei-landefeld\/","og_locale":"de_DE","og_type":"article","og_title":"Innovation entsteht durch Vision - Lagererweiterung bei Landefeld!","og_description":"Im folgenden Video seheh Sie einen Zeitraffer zu unserem Neubau der Halle 5. Denn Innovation entsteht durch Vision. Wir bauen f\u00fcr Sie!","og_url":"https:\/\/www.landefeld.de\/magazin\/innovation-entsteht-durch-vision-lagererweiterung-bei-landefeld\/","og_site_name":"Landefeld.de","article_publisher":"https:\/\/www.facebook.com\/landefeld.de","article_published_time":"2025-12-04T12:54:54+00:00","article_modified_time":"2026-02-25T11:00:10+00:00","og_image":[{"width":1200,"height":800,"url":"https:\/\/www.landefeld.de\/magazin\/wp-content\/uploads\/2025\/12\/Beitragsbild_YouTube_Innovation-entsteht-durch-Vision-Lagererweiterung-bei-Landefeld.jpg","type":"image\/jpeg"}],"author":"Anne Marie Schmitz","twitter_card":"summary_large_image","twitter_misc":{"Verfasst von":"Anne Marie Schmitz","Gesch\u00e4tzte Lesezeit":"3\u00a0Minuten"},"schema":{"@context":"https:\/\/schema.org","@graph":[{"@type":"Article","@id":"https:\/\/www.landefeld.de\/magazin\/innovation-entsteht-durch-vision-lagererweiterung-bei-landefeld\/#article","isPartOf":{"@id":"https:\/\/www.landefeld.de\/magazin\/innovation-entsteht-durch-vision-lagererweiterung-bei-landefeld\/"},"author":{"name":"Anne Marie Schmitz","@id":"https:\/\/www.landefeld.de\/magazin\/#\/schema\/person\/35683d71a5d303b63e63d1fb959198ba"},"headline":"Innovation entsteht durch Vision &#8211; Lagererweiterung bei Landefeld!","datePublished":"2025-12-04T12:54:54+00:00","dateModified":"2026-02-25T11:00:10+00:00","mainEntityOfPage":{"@id":"https:\/\/www.landefeld.de\/magazin\/innovation-entsteht-durch-vision-lagererweiterung-bei-landefeld\/"},"wordCount":370,"publisher":{"@id":"https:\/\/www.landefeld.de\/magazin\/#organization"},"image":{"@id":"https:\/\/www.landefeld.de\/magazin\/innovation-entsteht-durch-vision-lagererweiterung-bei-landefeld\/#primaryimage"},"thumbnailUrl":"https:\/\/www.landefeld.de\/magazin\/wp-content\/uploads\/2025\/12\/Beitragsbild_YouTube_Innovation-entsteht-durch-Vision-Lagererweiterung-bei-Landefeld.jpg","inLanguage":"de"},{"@type":"WebPage","@id":"https:\/\/www.landefeld.de\/magazin\/innovation-entsteht-durch-vision-lagererweiterung-bei-landefeld\/","url":"https:\/\/www.landefeld.de\/magazin\/innovation-entsteht-durch-vision-lagererweiterung-bei-landefeld\/","name":"Innovation entsteht durch Vision - Lagererweiterung bei Landefeld!","isPartOf":{"@id":"https:\/\/www.landefeld.de\/magazin\/#website"},"primaryImageOfPage":{"@id":"https:\/\/www.landefeld.de\/magazin\/innovation-entsteht-durch-vision-lagererweiterung-bei-landefeld\/#primaryimage"},"image":{"@id":"https:\/\/www.landefeld.de\/magazin\/innovation-entsteht-durch-vision-lagererweiterung-bei-landefeld\/#primaryimage"},"thumbnailUrl":"https:\/\/www.landefeld.de\/magazin\/wp-content\/uploads\/2025\/12\/Beitragsbild_YouTube_Innovation-entsteht-durch-Vision-Lagererweiterung-bei-Landefeld.jpg","datePublished":"2025-12-04T12:54:54+00:00","dateModified":"2026-02-25T11:00:10+00:00","description":"Im folgenden Video seheh Sie einen Zeitraffer zu unserem Neubau der Halle 5. Denn Innovation entsteht durch Vision. Wir bauen f\u00fcr Sie!","breadcrumb":{"@id":"https:\/\/www.landefeld.de\/magazin\/innovation-entsteht-durch-vision-lagererweiterung-bei-landefeld\/#breadcrumb"},"inLanguage":"de","potentialAction":[{"@type":"ReadAction","target":["https:\/\/www.landefeld.de\/magazin\/innovation-entsteht-durch-vision-lagererweiterung-bei-landefeld\/"]}]},{"@type":"ImageObject","inLanguage":"de","@id":"https:\/\/www.landefeld.de\/magazin\/innovation-entsteht-durch-vision-lagererweiterung-bei-landefeld\/#primaryimage","url":"https:\/\/www.landefeld.de\/magazin\/wp-content\/uploads\/2025\/12\/Beitragsbild_YouTube_Innovation-entsteht-durch-Vision-Lagererweiterung-bei-Landefeld.jpg","contentUrl":"https:\/\/www.landefeld.de\/magazin\/wp-content\/uploads\/2025\/12\/Beitragsbild_YouTube_Innovation-entsteht-durch-Vision-Lagererweiterung-bei-Landefeld.jpg","width":1200,"height":800,"caption":"Innovation entsteht durch Vision - Lagererweiterung bei Landefeld!"},{"@type":"BreadcrumbList","@id":"https:\/\/www.landefeld.de\/magazin\/innovation-entsteht-durch-vision-lagererweiterung-bei-landefeld\/#breadcrumb","itemListElement":[{"@type":"ListItem","position":1,"name":"Startseite","item":"https:\/\/www.landefeld.de\/magazin\/"},{"@type":"ListItem","position":2,"name":"Innovation entsteht durch Vision &#8211; Lagererweiterung bei Landefeld!"}]},{"@type":"WebSite","@id":"https:\/\/www.landefeld.de\/magazin\/#website","url":"https:\/\/www.landefeld.de\/magazin\/","name":"Landefeld Magazin","description":"","publisher":{"@id":"https:\/\/www.landefeld.de\/magazin\/#organization"},"alternateName":"Landefeld","potentialAction":[{"@type":"SearchAction","target":{"@type":"EntryPoint","urlTemplate":"https:\/\/www.landefeld.de\/magazin\/?s={search_term_string}"},"query-input":{"@type":"PropertyValueSpecification","valueRequired":true,"valueName":"search_term_string"}}],"inLanguage":"de"},{"@type":"Organization","@id":"https:\/\/www.landefeld.de\/magazin\/#organization","name":"Landefeld Druckluft und Hydraulik GmbH","alternateName":"Landefeld","url":"https:\/\/www.landefeld.de\/magazin\/","logo":{"@type":"ImageObject","inLanguage":"de","@id":"https:\/\/www.landefeld.de\/magazin\/#\/schema\/logo\/image\/","url":"https:\/\/www.landefeld.de\/magazin\/wp-content\/uploads\/2025\/07\/landefeld-logo-blau.svg","contentUrl":"https:\/\/www.landefeld.de\/magazin\/wp-content\/uploads\/2025\/07\/landefeld-logo-blau.svg","width":1445,"height":249,"caption":"Landefeld Druckluft und Hydraulik GmbH"},"image":{"@id":"https:\/\/www.landefeld.de\/magazin\/#\/schema\/logo\/image\/"},"sameAs":["https:\/\/www.facebook.com\/landefeld.de","https:\/\/www.instagram.com\/landefeld_druckluft_hydraulik\/","https:\/\/www.youtube.com\/@landefeld","https:\/\/de.linkedin.com\/company\/landefeld-druckluft-und-hydraulik-gmbh","https:\/\/www.xing.com\/pages\/landefelddruckluftundhydraulikgmbh"],"description":"Wir sind der f\u00fchrende, europaweit agierender Lieferant f\u00fcr Komponenten der Pneumatik, Hydraulik und des Industriebedarfs. In praktisch allen technischen Produktionsprozessen sind ein oder mehrere Artikel verbaut, die wir f\u00fcr Sie bevorraten. Als erfahrener Systemlieferant bedienen wir t\u00e4glich eine Vielzahl unterschiedlicher Branchen, Unternehmen und Menschen. Dabei spielt es keine Rolle ob Sie als Gro\u00dfkonzern, mittelst\u00e4ndisches Unternehmen, kleiner Handwerksbetrieb oder als Privatperson Kunde bei uns sind. Wir bieten all unseren Kunden den einzigartigen Landefeld Service!","email":"verkauf@landefeld.de","telephone":"+49561958859","legalName":"Landefeld Druckluft und Hydraulik GmbH","foundingDate":"1979-01-01","vatID":"DE113078807","numberOfEmployees":{"@type":"QuantitativeValue","minValue":"201","maxValue":"500"}},{"@type":"Person","@id":"https:\/\/www.landefeld.de\/magazin\/#\/schema\/person\/35683d71a5d303b63e63d1fb959198ba","name":"Anne Marie Schmitz","image":{"@type":"ImageObject","inLanguage":"de","@id":"https:\/\/secure.gravatar.com\/avatar\/a774a67ea56a75d6f05a19acd13c9811b6c699b094d6bf36098beb6e14d411fd?s=96&d=mm&r=g","url":"https:\/\/secure.gravatar.com\/avatar\/a774a67ea56a75d6f05a19acd13c9811b6c699b094d6bf36098beb6e14d411fd?s=96&d=mm&r=g","contentUrl":"https:\/\/secure.gravatar.com\/avatar\/a774a67ea56a75d6f05a19acd13c9811b6c699b094d6bf36098beb6e14d411fd?s=96&d=mm&r=g","caption":"Anne Marie Schmitz"},"url":"https:\/\/www.landefeld.de\/magazin\/author\/annemarie-schmitz\/"}]}},"_links":{"self":[{"href":"https:\/\/www.landefeld.de\/magazin\/wp-json\/wp\/v2\/posts\/1336","targetHints":{"allow":["GET"]}}],"collection":[{"href":"https:\/\/www.landefeld.de\/magazin\/wp-json\/wp\/v2\/posts"}],"about":[{"href":"https:\/\/www.landefeld.de\/magazin\/wp-json\/wp\/v2\/types\/post"}],"author":[{"embeddable":true,"href":"https:\/\/www.landefeld.de\/magazin\/wp-json\/wp\/v2\/users\/4"}],"replies":[{"embeddable":true,"href":"https:\/\/www.landefeld.de\/magazin\/wp-json\/wp\/v2\/comments?post=1336"}],"version-history":[{"count":0,"href":"https:\/\/www.landefeld.de\/magazin\/wp-json\/wp\/v2\/posts\/1336\/revisions"}],"wp:featuredmedia":[{"embeddable":true,"href":"https:\/\/www.landefeld.de\/magazin\/wp-json\/wp\/v2\/media\/2977"}],"wp:attachment":[{"href":"https:\/\/www.landefeld.de\/magazin\/wp-json\/wp\/v2\/media?parent=1336"}],"wp:term":[{"taxonomy":"category","embeddable":true,"href":"https:\/\/www.landefeld.de\/magazin\/wp-json\/wp\/v2\/categories?post=1336"},{"taxonomy":"post_tag","embeddable":true,"href":"https:\/\/www.landefeld.de\/magazin\/wp-json\/wp\/v2\/tags?post=1336"},{"taxonomy":"themenwelt","embeddable":true,"href":"https:\/\/www.landefeld.de\/magazin\/wp-json\/wp\/v2\/themenwelt?post=1336"}],"curies":[{"name":"wp","href":"https:\/\/api.w.org\/{rel}","templated":true}]}}