{"id":1490,"date":"2025-12-05T11:56:47","date_gmt":"2025-12-05T10:56:47","guid":{"rendered":"https:\/\/www.landefeld.de\/magazin\/?p=1490"},"modified":"2025-12-22T12:32:24","modified_gmt":"2025-12-22T11:32:24","slug":"ventilserie-vuvs-von-festo-jetzt-neu-im-landefeld-standardprogramm","status":"publish","type":"post","link":"https:\/\/www.landefeld.de\/magazin\/ventilserie-vuvs-von-festo-jetzt-neu-im-landefeld-standardprogramm\/","title":{"rendered":"Ventilserie VUVS von Festo jetzt neu im Landefeld Standardprogramm!"},"content":{"rendered":"\t\t<div data-elementor-type=\"wp-post\" data-elementor-id=\"1490\" class=\"elementor elementor-1490\" data-elementor-settings=\"{&quot;element_pack_global_tooltip_width&quot;:{&quot;unit&quot;:&quot;px&quot;,&quot;size&quot;:&quot;&quot;,&quot;sizes&quot;:[]},&quot;element_pack_global_tooltip_width_laptop&quot;:{&quot;unit&quot;:&quot;px&quot;,&quot;size&quot;:&quot;&quot;,&quot;sizes&quot;:[]},&quot;element_pack_global_tooltip_width_tablet_extra&quot;:{&quot;unit&quot;:&quot;px&quot;,&quot;size&quot;:&quot;&quot;,&quot;sizes&quot;:[]},&quot;element_pack_global_tooltip_width_tablet&quot;:{&quot;unit&quot;:&quot;px&quot;,&quot;size&quot;:&quot;&quot;,&quot;sizes&quot;:[]},&quot;element_pack_global_tooltip_width_mobile_extra&quot;:{&quot;unit&quot;:&quot;px&quot;,&quot;size&quot;:&quot;&quot;,&quot;sizes&quot;:[]},&quot;element_pack_global_tooltip_width_mobile&quot;:{&quot;unit&quot;:&quot;px&quot;,&quot;size&quot;:&quot;&quot;,&quot;sizes&quot;:[]},&quot;element_pack_global_tooltip_padding&quot;:{&quot;unit&quot;:&quot;px&quot;,&quot;top&quot;:&quot;&quot;,&quot;right&quot;:&quot;&quot;,&quot;bottom&quot;:&quot;&quot;,&quot;left&quot;:&quot;&quot;,&quot;isLinked&quot;:true},&quot;element_pack_global_tooltip_padding_laptop&quot;:{&quot;unit&quot;:&quot;px&quot;,&quot;top&quot;:&quot;&quot;,&quot;right&quot;:&quot;&quot;,&quot;bottom&quot;:&quot;&quot;,&quot;left&quot;:&quot;&quot;,&quot;isLinked&quot;:true},&quot;element_pack_global_tooltip_padding_tablet_extra&quot;:{&quot;unit&quot;:&quot;px&quot;,&quot;top&quot;:&quot;&quot;,&quot;right&quot;:&quot;&quot;,&quot;bottom&quot;:&quot;&quot;,&quot;left&quot;:&quot;&quot;,&quot;isLinked&quot;:true},&quot;element_pack_global_tooltip_padding_tablet&quot;:{&quot;unit&quot;:&quot;px&quot;,&quot;top&quot;:&quot;&quot;,&quot;right&quot;:&quot;&quot;,&quot;bottom&quot;:&quot;&quot;,&quot;left&quot;:&quot;&quot;,&quot;isLinked&quot;:true},&quot;element_pack_global_tooltip_padding_mobile_extra&quot;:{&quot;unit&quot;:&quot;px&quot;,&quot;top&quot;:&quot;&quot;,&quot;right&quot;:&quot;&quot;,&quot;bottom&quot;:&quot;&quot;,&quot;left&quot;:&quot;&quot;,&quot;isLinked&quot;:true},&quot;element_pack_global_tooltip_padding_mobile&quot;:{&quot;unit&quot;:&quot;px&quot;,&quot;top&quot;:&quot;&quot;,&quot;right&quot;:&quot;&quot;,&quot;bottom&quot;:&quot;&quot;,&quot;left&quot;:&quot;&quot;,&quot;isLinked&quot;:true},&quot;element_pack_global_tooltip_border_radius&quot;:{&quot;unit&quot;:&quot;px&quot;,&quot;top&quot;:&quot;&quot;,&quot;right&quot;:&quot;&quot;,&quot;bottom&quot;:&quot;&quot;,&quot;left&quot;:&quot;&quot;,&quot;isLinked&quot;:true},&quot;element_pack_global_tooltip_border_radius_laptop&quot;:{&quot;unit&quot;:&quot;px&quot;,&quot;top&quot;:&quot;&quot;,&quot;right&quot;:&quot;&quot;,&quot;bottom&quot;:&quot;&quot;,&quot;left&quot;:&quot;&quot;,&quot;isLinked&quot;:true},&quot;element_pack_global_tooltip_border_radius_tablet_extra&quot;:{&quot;unit&quot;:&quot;px&quot;,&quot;top&quot;:&quot;&quot;,&quot;right&quot;:&quot;&quot;,&quot;bottom&quot;:&quot;&quot;,&quot;left&quot;:&quot;&quot;,&quot;isLinked&quot;:true},&quot;element_pack_global_tooltip_border_radius_tablet&quot;:{&quot;unit&quot;:&quot;px&quot;,&quot;top&quot;:&quot;&quot;,&quot;right&quot;:&quot;&quot;,&quot;bottom&quot;:&quot;&quot;,&quot;left&quot;:&quot;&quot;,&quot;isLinked&quot;:true},&quot;element_pack_global_tooltip_border_radius_mobile_extra&quot;:{&quot;unit&quot;:&quot;px&quot;,&quot;top&quot;:&quot;&quot;,&quot;right&quot;:&quot;&quot;,&quot;bottom&quot;:&quot;&quot;,&quot;left&quot;:&quot;&quot;,&quot;isLinked&quot;:true},&quot;element_pack_global_tooltip_border_radius_mobile&quot;:{&quot;unit&quot;:&quot;px&quot;,&quot;top&quot;:&quot;&quot;,&quot;right&quot;:&quot;&quot;,&quot;bottom&quot;:&quot;&quot;,&quot;left&quot;:&quot;&quot;,&quot;isLinked&quot;:true}}\" data-elementor-post-type=\"post\">\n\t\t\t\t<div class=\"elementor-element elementor-element-10d2d814 e-flex e-con-boxed e-con e-parent\" data-id=\"10d2d814\" data-element_type=\"container\" data-e-type=\"container\">\n\t\t\t\t\t<div class=\"e-con-inner\">\n\t\t<div class=\"elementor-element elementor-element-642b1b28 e-con-full e-flex e-con e-child\" data-id=\"642b1b28\" data-element_type=\"container\" data-e-type=\"container\">\n\t\t\t\t<div class=\"elementor-element elementor-element-cf8f23 elementor-widget elementor-widget-heading\" data-id=\"cf8f23\" data-element_type=\"widget\" data-e-type=\"widget\" data-widget_type=\"heading.default\">\n\t\t\t\t<div class=\"elementor-widget-container\">\n\t\t\t\t\t<h2 class=\"elementor-heading-title elementor-size-default\">Was ist das Besondere an diesen Ventilen?<\/h2>\t\t\t\t<\/div>\n\t\t\t\t<\/div>\n\t\t\t\t<\/div>\n\t\t\t\t<div class=\"elementor-element elementor-element-534f1b2e elementor-widget elementor-widget-text-editor\" data-id=\"534f1b2e\" data-element_type=\"widget\" data-e-type=\"widget\" data-widget_type=\"text-editor.default\">\n\t\t\t\t<div class=\"elementor-widget-container\">\n\t\t\t\t\t\t\t\t\t<p>Durch diese robuste Ventilserie k\u00f6nnen wir unser Programm optimal erg\u00e4nzen. Denn die Ventile der Serie VUVS decken auch gr\u00f6\u00dfere Durchflusswerte bis zur Baugr\u00f6\u00dfe von 3\/8&#8243; ab. Sie zeichnen sich besonders durch ein hochwertiges Aluminiumgeh\u00e4use aus. Durch die Verwendung dieses Werkstoffs, halten die hochwertig verarbeiteten Ventile einiges aus und bieten eine hohe Robustheit und Formsch\u00f6nheit. Zudem k\u00f6nnen diese bei Bedarf auf solide P- oder PRS-Anschlussplatten zu Ventilinseln mit mehreren Stationen zusammengef\u00fcgt werden.<\/p>\t\t\t\t\t\t\t\t<\/div>\n\t\t\t\t<\/div>\n\t\t\t\t\t<\/div>\n\t\t\t\t<\/div>\n\t\t<div class=\"elementor-element elementor-element-6473e59e e-flex e-con-boxed e-con e-parent\" data-id=\"6473e59e\" data-element_type=\"container\" data-e-type=\"container\">\n\t\t\t\t\t<div class=\"e-con-inner\">\n\t\t<div class=\"elementor-element elementor-element-16f5492d e-con-full e-flex e-con e-child\" data-id=\"16f5492d\" data-element_type=\"container\" data-e-type=\"container\">\n\t\t\t\t<div class=\"elementor-element elementor-element-4ff26143 elementor-widget elementor-widget-heading\" data-id=\"4ff26143\" data-element_type=\"widget\" data-e-type=\"widget\" data-widget_type=\"heading.default\">\n\t\t\t\t<div class=\"elementor-widget-container\">\n\t\t\t\t\t<h2 class=\"elementor-heading-title elementor-size-default\">Der Vorteil der einfachen Montage!<\/h2>\t\t\t\t<\/div>\n\t\t\t\t<\/div>\n\t\t\t\t<\/div>\n\t\t\t\t<div class=\"elementor-element elementor-element-d05a1ed elementor-widget elementor-widget-text-editor\" data-id=\"d05a1ed\" data-element_type=\"widget\" data-e-type=\"widget\" data-widget_type=\"text-editor.default\">\n\t\t\t\t<div class=\"elementor-widget-container\">\n\t\t\t\t\t\t\t\t\t<p>Hierbei ist die Montage denkbar einfach. Im Lieferumfang der Serien sind die Dichtungen, Schrauben und bei den gr\u00f6\u00dferen Nennweiten die Wandmontageplatten bereits enthalten. Dementsprechend k\u00f6nnen Sie Ihre Ventile einfach auf der Reihenleiste aufflanschen. Auch f\u00e4llt hierbei nochmal die Wertigkeit des gesamten Systems auf! Auch die schnell und einfach rastende Handnotbet\u00e4tigung rundet das hochwertige Gesamtbild dieser Festo-Serien ab. Der elektronische Anschluss erfolgt hier ganz klassisch \u00fcber einen W\u00fcrfelstecker, den Sie als Zubeh\u00f6r bestellen k\u00f6nnen.<\/p>\t\t\t\t\t\t\t\t<\/div>\n\t\t\t\t<\/div>\n\t\t\t\t\t<\/div>\n\t\t\t\t<\/div>\n\t\t<div class=\"elementor-element elementor-element-3dee4bc7 e-flex e-con-boxed e-con e-parent\" data-id=\"3dee4bc7\" data-element_type=\"container\" data-e-type=\"container\">\n\t\t\t\t\t<div class=\"e-con-inner\">\n\t\t<div class=\"elementor-element elementor-element-133b1502 e-con-full e-flex e-con e-child\" data-id=\"133b1502\" data-element_type=\"container\" data-e-type=\"container\">\n\t\t\t\t<div class=\"elementor-element elementor-element-579590f9 elementor-widget elementor-widget-heading\" data-id=\"579590f9\" data-element_type=\"widget\" data-e-type=\"widget\" data-widget_type=\"heading.default\">\n\t\t\t\t<div class=\"elementor-widget-container\">\n\t\t\t\t\t<h2 class=\"elementor-heading-title elementor-size-default\">Nutzen Sie die Partnerschaft von zwei traditionsreichen Unternehmen!<\/h2>\t\t\t\t<\/div>\n\t\t\t\t<\/div>\n\t\t\t\t<\/div>\n\t\t\t\t<div class=\"elementor-element elementor-element-5718608e elementor-widget elementor-widget-text-editor\" data-id=\"5718608e\" data-element_type=\"widget\" data-e-type=\"widget\" data-widget_type=\"text-editor.default\">\n\t\t\t\t<div class=\"elementor-widget-container\">\n\t\t\t\t\t\t\t\t\t<p>Festo ist weltweit f\u00fchrend in der Automatisierungstechnik und der technischen Aus- und Weiterbildung. Weltweit steht Festo f\u00fcr Innovation und Technologie. Zudem setzt das Unternehmen st\u00e4ndig neue Impulse im Bereich der intelligenten Automation. Seit unserer Gr\u00fcndung im Jahr 1979 geh\u00f6rt Festo zum verl\u00e4sslichen Bestandteil unseres Handelsgesch\u00e4fts und begleitet uns t\u00e4glich in unserem Arbeitsalltag. Diese gute Zusammenarbeit haben wir im Jahr 2015 vertieft und somit auf eine neue Stufe gehoben. Seitdem sind wir Official Partner!<\/p><p><!-- \/wp:paragraph --> <!-- wp:paragraph --><\/p><p>Schauen Sie sich gleich hier das komplette Festo-Lieferprogramm an:<\/p><p><!-- \/wp:paragraph --> <!-- wp:paragraph --><\/p><p><a href=\"https:\/\/www.landefeld.de\/katalog\/de\/festo-pneumatik\/%7BD8D623A8-6981-472F-A8D1-6297BD348ED2%7D\">Festo-Lieferprogramm<\/a><\/p><p><!-- \/wp:paragraph --><\/p>\t\t\t\t\t\t\t\t<\/div>\n\t\t\t\t<\/div>\n\t\t\t\t\t<\/div>\n\t\t\t\t<\/div>\n\t\t<div class=\"elementor-element elementor-element-7383cfd3 e-flex e-con-boxed e-con e-parent\" data-id=\"7383cfd3\" data-element_type=\"container\" data-e-type=\"container\">\n\t\t\t\t\t<div class=\"e-con-inner\">\n\t\t<div class=\"elementor-element elementor-element-6d12370c e-con-full e-flex e-con e-child\" data-id=\"6d12370c\" data-element_type=\"container\" data-e-type=\"container\">\n\t\t\t\t<div class=\"elementor-element elementor-element-a8db9d4 elementor-widget elementor-widget-heading\" data-id=\"a8db9d4\" data-element_type=\"widget\" data-e-type=\"widget\" data-widget_type=\"heading.default\">\n\t\t\t\t<div class=\"elementor-widget-container\">\n\t\t\t\t\t<h2 class=\"elementor-heading-title elementor-size-default\">Wir unterst\u00fctzen Sie gerne!<\/h2>\t\t\t\t<\/div>\n\t\t\t\t<\/div>\n\t\t\t\t<\/div>\n\t\t\t\t<div class=\"elementor-element elementor-element-53fedf69 elementor-widget elementor-widget-text-editor\" data-id=\"53fedf69\" data-element_type=\"widget\" data-e-type=\"widget\" data-widget_type=\"text-editor.default\">\n\t\t\t\t<div class=\"elementor-widget-container\">\n\t\t\t\t\t\t\t\t\t<p>Unsere Spezialisten des <a href=\"https:\/\/www.landefeld.de\/blog\/technischer-vertrieb\/\" target=\"_blank\" rel=\"noreferrer noopener\" aria-label=\"technischen Vertriebsteams  (\u00f6ffnet in neuem Tab)\">technischen Vertriebsteams <\/a>unterst\u00fctzen Sie mit langj\u00e4hriger Erfahrung und beraten Sie gerne bei der Auswahl des geeigneten Ventils f\u00fcr Ihre Anwendung.<\/p>\t\t\t\t\t\t\t\t<\/div>\n\t\t\t\t<\/div>\n\t\t\t\t\t<\/div>\n\t\t\t\t<\/div>\n\t\t<div class=\"elementor-element elementor-element-4686ed6d e-flex e-con-boxed e-con e-parent\" data-id=\"4686ed6d\" data-element_type=\"container\" data-e-type=\"container\">\n\t\t\t\t\t<div class=\"e-con-inner\">\n\t\t<div class=\"elementor-element elementor-element-428f9562 e-con-full e-flex e-con e-child\" data-id=\"428f9562\" data-element_type=\"container\" data-e-type=\"container\">\n\t\t\t\t<div class=\"elementor-element elementor-element-4699fbb4 elementor-widget elementor-widget-heading\" data-id=\"4699fbb4\" data-element_type=\"widget\" data-e-type=\"widget\" data-widget_type=\"heading.default\">\n\t\t\t\t<div class=\"elementor-widget-container\">\n\t\t\t\t\t<h2 class=\"elementor-heading-title elementor-size-default\">Hier finden Sie die Artikel aus unserem Video:<\/h2>\t\t\t\t<\/div>\n\t\t\t\t<\/div>\n\t\t\t\t<\/div>\n\t\t\t\t<div class=\"elementor-element elementor-element-41b05599 elementor-widget elementor-widget-text-editor\" data-id=\"41b05599\" data-element_type=\"widget\" data-e-type=\"widget\" data-widget_type=\"text-editor.default\">\n\t\t\t\t<div class=\"elementor-widget-container\">\n\t\t\t\t\t\t\t\t\t<ul class=\"wp-block-list\"><li><a href=\"https:\/\/www.landefeld.de\/katalog\/de\/magnetventile-festo\/%7BD8C7EEEA-2CAA-4C96-ADCD-21D6D661CD7C%7D\" target=\"_blank\" rel=\"noreferrer noopener\" aria-label=\"Festo Magnetventile (\u00f6ffnet in neuem Tab)\">Festo Magnetventile<\/a><\/li><li><a href=\"https:\/\/www.landefeld.de\/gruppe\/de\/normstecker-fuer-magnetspulen\/ST00\" target=\"_blank\" rel=\"noreferrer noopener\" aria-label=\"Normstecker f\u00fcr Magnetspulen (\u00f6ffnet in neuem Tab)\">Normstecker f\u00fcr Magnetspulen<\/a><\/li><\/ul><p><br \/>Sie erhalten dar\u00fcber hinaus eine riesige Auswahl an weiteren pneumatischen, sowie hydraulischen Bauteilen und Elementen in unserem<a href=\"https:\/\/www.landefeld.de\/de\"> Online-Shop<\/a>. <br \/><br \/>Abonnieren Sie au\u00dferdem unseren <a href=\"https:\/\/www.youtube.com\/channel\/UCXMA-z-RCgxFFE0P3Pz1XtA\/featured?disable_polymer=1\" target=\"_blank\" rel=\"noreferrer noopener\" aria-label=\"YouTube-Kanal (\u00f6ffnet in neuem Tab)\">YouTube-Kanal<\/a> um kein Video zu verpassen!<\/p>\t\t\t\t\t\t\t\t<\/div>\n\t\t\t\t<\/div>\n\t\t\t\t\t<\/div>\n\t\t\t\t<\/div>\n\t\t\t\t<\/div>\n\t\t","protected":false},"excerpt":{"rendered":"<p>Was ist das Besondere an diesen Ventilen? Durch diese robuste Ventilserie k\u00f6nnen wir unser Programm optimal erg\u00e4nzen. Denn die Ventile der Serie VUVS decken auch gr\u00f6\u00dfere Durchflusswerte bis zur Baugr\u00f6\u00dfe von 3\/8&#8243; ab. Sie zeichnen sich besonders durch ein hochwertiges Aluminiumgeh\u00e4use aus. Durch die Verwendung dieses Werkstoffs, halten die hochwertig verarbeiteten Ventile einiges aus und [&hellip;]<\/p>\n","protected":false},"author":4,"featured_media":3052,"comment_status":"closed","ping_status":"open","sticky":false,"template":"tpl-single-video.php","format":"standard","meta":{"_acf_changed":false,"footnotes":""},"categories":[31],"tags":[],"themenwelt":[10],"class_list":["post-1490","post","type-post","status-publish","format-standard","has-post-thumbnail","hentry","category-magnetventile","themenwelt-automation-industrie-4-0"],"acf":[],"yoast_head":"<!-- This site is optimized with the Yoast SEO Premium plugin v27.0 (Yoast SEO v27.4) - https:\/\/yoast.com\/product\/yoast-seo-premium-wordpress\/ -->\n<title>Ventilserie VUVS jetzt von Festo jetzt neu im Landefeld Programm<\/title>\n<meta name=\"description\" content=\"In diesem Video erkl\u00e4ren wir Ihnen die Vorteile der neuen Ventilserie VUVS von Festo im Landefeld Programm. Jetzt neu im Landeld Programm!\" \/>\n<meta name=\"robots\" content=\"index, follow, max-snippet:-1, max-image-preview:large, max-video-preview:-1\" \/>\n<link rel=\"canonical\" href=\"https:\/\/www.landefeld.de\/magazin\/ventilserie-vuvs-von-festo-jetzt-neu-im-landefeld-standardprogramm\/\" \/>\n<meta property=\"og:locale\" content=\"de_DE\" \/>\n<meta property=\"og:type\" content=\"article\" \/>\n<meta property=\"og:title\" content=\"Ventilserie VUVS von Festo jetzt neu im Landefeld Standardprogramm!\" \/>\n<meta property=\"og:description\" content=\"In diesem Video erkl\u00e4ren wir Ihnen die Vorteile der neuen Ventilserie VUVS von Festo im Landefeld Programm. Jetzt neu im Landeld Programm!\" \/>\n<meta property=\"og:url\" content=\"https:\/\/www.landefeld.de\/magazin\/ventilserie-vuvs-von-festo-jetzt-neu-im-landefeld-standardprogramm\/\" \/>\n<meta property=\"og:site_name\" content=\"Landefeld.de\" \/>\n<meta property=\"article:publisher\" content=\"https:\/\/www.facebook.com\/landefeld.de\" \/>\n<meta property=\"article:published_time\" content=\"2025-12-05T10:56:47+00:00\" \/>\n<meta property=\"article:modified_time\" content=\"2025-12-22T11:32:24+00:00\" \/>\n<meta property=\"og:image\" content=\"https:\/\/www.landefeld.de\/magazin\/wp-content\/uploads\/2025\/12\/Beitragsbild_YouTube_Ventilserie-VUVS-von-Festo-jetzt-neu-im-Landefeld-Standardprogramm.jpg\" \/>\n\t<meta property=\"og:image:width\" content=\"1200\" \/>\n\t<meta property=\"og:image:height\" content=\"800\" \/>\n\t<meta property=\"og:image:type\" content=\"image\/jpeg\" \/>\n<meta name=\"author\" content=\"Anne Marie Schmitz\" \/>\n<meta name=\"twitter:card\" content=\"summary_large_image\" \/>\n<meta name=\"twitter:label1\" content=\"Verfasst von\" \/>\n\t<meta name=\"twitter:data1\" content=\"Anne Marie Schmitz\" \/>\n\t<meta name=\"twitter:label2\" content=\"Gesch\u00e4tzte Lesezeit\" \/>\n\t<meta name=\"twitter:data2\" content=\"2\u00a0Minuten\" \/>\n<script type=\"application\/ld+json\" class=\"yoast-schema-graph\">{\"@context\":\"https:\\\/\\\/schema.org\",\"@graph\":[{\"@type\":\"Article\",\"@id\":\"https:\\\/\\\/www.landefeld.de\\\/magazin\\\/ventilserie-vuvs-von-festo-jetzt-neu-im-landefeld-standardprogramm\\\/#article\",\"isPartOf\":{\"@id\":\"https:\\\/\\\/www.landefeld.de\\\/magazin\\\/ventilserie-vuvs-von-festo-jetzt-neu-im-landefeld-standardprogramm\\\/\"},\"author\":{\"name\":\"Anne Marie Schmitz\",\"@id\":\"https:\\\/\\\/www.landefeld.de\\\/magazin\\\/#\\\/schema\\\/person\\\/35683d71a5d303b63e63d1fb959198ba\"},\"headline\":\"Ventilserie VUVS von Festo jetzt neu im Landefeld Standardprogramm!\",\"datePublished\":\"2025-12-05T10:56:47+00:00\",\"dateModified\":\"2025-12-22T11:32:24+00:00\",\"mainEntityOfPage\":{\"@id\":\"https:\\\/\\\/www.landefeld.de\\\/magazin\\\/ventilserie-vuvs-von-festo-jetzt-neu-im-landefeld-standardprogramm\\\/\"},\"wordCount\":351,\"publisher\":{\"@id\":\"https:\\\/\\\/www.landefeld.de\\\/magazin\\\/#organization\"},\"image\":{\"@id\":\"https:\\\/\\\/www.landefeld.de\\\/magazin\\\/ventilserie-vuvs-von-festo-jetzt-neu-im-landefeld-standardprogramm\\\/#primaryimage\"},\"thumbnailUrl\":\"https:\\\/\\\/www.landefeld.de\\\/magazin\\\/wp-content\\\/uploads\\\/2025\\\/12\\\/Beitragsbild_YouTube_Ventilserie-VUVS-von-Festo-jetzt-neu-im-Landefeld-Standardprogramm.jpg\",\"articleSection\":[\"Magnetventile\"],\"inLanguage\":\"de\"},{\"@type\":\"WebPage\",\"@id\":\"https:\\\/\\\/www.landefeld.de\\\/magazin\\\/ventilserie-vuvs-von-festo-jetzt-neu-im-landefeld-standardprogramm\\\/\",\"url\":\"https:\\\/\\\/www.landefeld.de\\\/magazin\\\/ventilserie-vuvs-von-festo-jetzt-neu-im-landefeld-standardprogramm\\\/\",\"name\":\"Ventilserie VUVS jetzt von Festo jetzt neu im Landefeld Programm\",\"isPartOf\":{\"@id\":\"https:\\\/\\\/www.landefeld.de\\\/magazin\\\/#website\"},\"primaryImageOfPage\":{\"@id\":\"https:\\\/\\\/www.landefeld.de\\\/magazin\\\/ventilserie-vuvs-von-festo-jetzt-neu-im-landefeld-standardprogramm\\\/#primaryimage\"},\"image\":{\"@id\":\"https:\\\/\\\/www.landefeld.de\\\/magazin\\\/ventilserie-vuvs-von-festo-jetzt-neu-im-landefeld-standardprogramm\\\/#primaryimage\"},\"thumbnailUrl\":\"https:\\\/\\\/www.landefeld.de\\\/magazin\\\/wp-content\\\/uploads\\\/2025\\\/12\\\/Beitragsbild_YouTube_Ventilserie-VUVS-von-Festo-jetzt-neu-im-Landefeld-Standardprogramm.jpg\",\"datePublished\":\"2025-12-05T10:56:47+00:00\",\"dateModified\":\"2025-12-22T11:32:24+00:00\",\"description\":\"In diesem Video erkl\u00e4ren wir Ihnen die Vorteile der neuen Ventilserie VUVS von Festo im Landefeld Programm. Jetzt neu im Landeld Programm!\",\"breadcrumb\":{\"@id\":\"https:\\\/\\\/www.landefeld.de\\\/magazin\\\/ventilserie-vuvs-von-festo-jetzt-neu-im-landefeld-standardprogramm\\\/#breadcrumb\"},\"inLanguage\":\"de\",\"potentialAction\":[{\"@type\":\"ReadAction\",\"target\":[\"https:\\\/\\\/www.landefeld.de\\\/magazin\\\/ventilserie-vuvs-von-festo-jetzt-neu-im-landefeld-standardprogramm\\\/\"]}]},{\"@type\":\"ImageObject\",\"inLanguage\":\"de\",\"@id\":\"https:\\\/\\\/www.landefeld.de\\\/magazin\\\/ventilserie-vuvs-von-festo-jetzt-neu-im-landefeld-standardprogramm\\\/#primaryimage\",\"url\":\"https:\\\/\\\/www.landefeld.de\\\/magazin\\\/wp-content\\\/uploads\\\/2025\\\/12\\\/Beitragsbild_YouTube_Ventilserie-VUVS-von-Festo-jetzt-neu-im-Landefeld-Standardprogramm.jpg\",\"contentUrl\":\"https:\\\/\\\/www.landefeld.de\\\/magazin\\\/wp-content\\\/uploads\\\/2025\\\/12\\\/Beitragsbild_YouTube_Ventilserie-VUVS-von-Festo-jetzt-neu-im-Landefeld-Standardprogramm.jpg\",\"width\":1200,\"height\":800,\"caption\":\"Ventilserie VUVS von Festo jetzt neu im Landefeld Standardprogramm!\"},{\"@type\":\"BreadcrumbList\",\"@id\":\"https:\\\/\\\/www.landefeld.de\\\/magazin\\\/ventilserie-vuvs-von-festo-jetzt-neu-im-landefeld-standardprogramm\\\/#breadcrumb\",\"itemListElement\":[{\"@type\":\"ListItem\",\"position\":1,\"name\":\"Startseite\",\"item\":\"https:\\\/\\\/www.landefeld.de\\\/magazin\\\/\"},{\"@type\":\"ListItem\",\"position\":2,\"name\":\"Ventilserie VUVS von Festo jetzt neu im Landefeld Standardprogramm!\"}]},{\"@type\":\"WebSite\",\"@id\":\"https:\\\/\\\/www.landefeld.de\\\/magazin\\\/#website\",\"url\":\"https:\\\/\\\/www.landefeld.de\\\/magazin\\\/\",\"name\":\"Landefeld Magazin\",\"description\":\"\",\"publisher\":{\"@id\":\"https:\\\/\\\/www.landefeld.de\\\/magazin\\\/#organization\"},\"alternateName\":\"Landefeld\",\"potentialAction\":[{\"@type\":\"SearchAction\",\"target\":{\"@type\":\"EntryPoint\",\"urlTemplate\":\"https:\\\/\\\/www.landefeld.de\\\/magazin\\\/?s={search_term_string}\"},\"query-input\":{\"@type\":\"PropertyValueSpecification\",\"valueRequired\":true,\"valueName\":\"search_term_string\"}}],\"inLanguage\":\"de\"},{\"@type\":\"Organization\",\"@id\":\"https:\\\/\\\/www.landefeld.de\\\/magazin\\\/#organization\",\"name\":\"Landefeld Druckluft und Hydraulik GmbH\",\"alternateName\":\"Landefeld\",\"url\":\"https:\\\/\\\/www.landefeld.de\\\/magazin\\\/\",\"logo\":{\"@type\":\"ImageObject\",\"inLanguage\":\"de\",\"@id\":\"https:\\\/\\\/www.landefeld.de\\\/magazin\\\/#\\\/schema\\\/logo\\\/image\\\/\",\"url\":\"https:\\\/\\\/www.landefeld.de\\\/magazin\\\/wp-content\\\/uploads\\\/2025\\\/07\\\/landefeld-logo-blau.svg\",\"contentUrl\":\"https:\\\/\\\/www.landefeld.de\\\/magazin\\\/wp-content\\\/uploads\\\/2025\\\/07\\\/landefeld-logo-blau.svg\",\"width\":1445,\"height\":249,\"caption\":\"Landefeld Druckluft und Hydraulik GmbH\"},\"image\":{\"@id\":\"https:\\\/\\\/www.landefeld.de\\\/magazin\\\/#\\\/schema\\\/logo\\\/image\\\/\"},\"sameAs\":[\"https:\\\/\\\/www.facebook.com\\\/landefeld.de\",\"https:\\\/\\\/www.instagram.com\\\/landefeld_druckluft_hydraulik\\\/\",\"https:\\\/\\\/www.youtube.com\\\/@landefeld\",\"https:\\\/\\\/de.linkedin.com\\\/company\\\/landefeld-druckluft-und-hydraulik-gmbh\",\"https:\\\/\\\/www.xing.com\\\/pages\\\/landefelddruckluftundhydraulikgmbh\"],\"description\":\"Wir sind der f\u00fchrende, europaweit agierender Lieferant f\u00fcr Komponenten der Pneumatik, Hydraulik und des Industriebedarfs. In praktisch allen technischen Produktionsprozessen sind ein oder mehrere Artikel verbaut, die wir f\u00fcr Sie bevorraten. Als erfahrener Systemlieferant bedienen wir t\u00e4glich eine Vielzahl unterschiedlicher Branchen, Unternehmen und Menschen. Dabei spielt es keine Rolle ob Sie als Gro\u00dfkonzern, mittelst\u00e4ndisches Unternehmen, kleiner Handwerksbetrieb oder als Privatperson Kunde bei uns sind. Wir bieten all unseren Kunden den einzigartigen Landefeld Service!\",\"email\":\"verkauf@landefeld.de\",\"telephone\":\"+49561958859\",\"legalName\":\"Landefeld Druckluft und Hydraulik GmbH\",\"foundingDate\":\"1979-01-01\",\"vatID\":\"DE113078807\",\"numberOfEmployees\":{\"@type\":\"QuantitativeValue\",\"minValue\":\"201\",\"maxValue\":\"500\"}},{\"@type\":\"Person\",\"@id\":\"https:\\\/\\\/www.landefeld.de\\\/magazin\\\/#\\\/schema\\\/person\\\/35683d71a5d303b63e63d1fb959198ba\",\"name\":\"Anne Marie Schmitz\",\"image\":{\"@type\":\"ImageObject\",\"inLanguage\":\"de\",\"@id\":\"https:\\\/\\\/secure.gravatar.com\\\/avatar\\\/a774a67ea56a75d6f05a19acd13c9811b6c699b094d6bf36098beb6e14d411fd?s=96&d=mm&r=g\",\"url\":\"https:\\\/\\\/secure.gravatar.com\\\/avatar\\\/a774a67ea56a75d6f05a19acd13c9811b6c699b094d6bf36098beb6e14d411fd?s=96&d=mm&r=g\",\"contentUrl\":\"https:\\\/\\\/secure.gravatar.com\\\/avatar\\\/a774a67ea56a75d6f05a19acd13c9811b6c699b094d6bf36098beb6e14d411fd?s=96&d=mm&r=g\",\"caption\":\"Anne Marie Schmitz\"},\"url\":\"https:\\\/\\\/www.landefeld.de\\\/magazin\\\/author\\\/annemarie-schmitz\\\/\"}]}<\/script>\n<!-- \/ Yoast SEO Premium plugin. -->","yoast_head_json":{"title":"Ventilserie VUVS jetzt von Festo jetzt neu im Landefeld Programm","description":"In diesem Video erkl\u00e4ren wir Ihnen die Vorteile der neuen Ventilserie VUVS von Festo im Landefeld Programm. Jetzt neu im Landeld Programm!","robots":{"index":"index","follow":"follow","max-snippet":"max-snippet:-1","max-image-preview":"max-image-preview:large","max-video-preview":"max-video-preview:-1"},"canonical":"https:\/\/www.landefeld.de\/magazin\/ventilserie-vuvs-von-festo-jetzt-neu-im-landefeld-standardprogramm\/","og_locale":"de_DE","og_type":"article","og_title":"Ventilserie VUVS von Festo jetzt neu im Landefeld Standardprogramm!","og_description":"In diesem Video erkl\u00e4ren wir Ihnen die Vorteile der neuen Ventilserie VUVS von Festo im Landefeld Programm. Jetzt neu im Landeld Programm!","og_url":"https:\/\/www.landefeld.de\/magazin\/ventilserie-vuvs-von-festo-jetzt-neu-im-landefeld-standardprogramm\/","og_site_name":"Landefeld.de","article_publisher":"https:\/\/www.facebook.com\/landefeld.de","article_published_time":"2025-12-05T10:56:47+00:00","article_modified_time":"2025-12-22T11:32:24+00:00","og_image":[{"width":1200,"height":800,"url":"https:\/\/www.landefeld.de\/magazin\/wp-content\/uploads\/2025\/12\/Beitragsbild_YouTube_Ventilserie-VUVS-von-Festo-jetzt-neu-im-Landefeld-Standardprogramm.jpg","type":"image\/jpeg"}],"author":"Anne Marie Schmitz","twitter_card":"summary_large_image","twitter_misc":{"Verfasst von":"Anne Marie Schmitz","Gesch\u00e4tzte Lesezeit":"2\u00a0Minuten"},"schema":{"@context":"https:\/\/schema.org","@graph":[{"@type":"Article","@id":"https:\/\/www.landefeld.de\/magazin\/ventilserie-vuvs-von-festo-jetzt-neu-im-landefeld-standardprogramm\/#article","isPartOf":{"@id":"https:\/\/www.landefeld.de\/magazin\/ventilserie-vuvs-von-festo-jetzt-neu-im-landefeld-standardprogramm\/"},"author":{"name":"Anne Marie Schmitz","@id":"https:\/\/www.landefeld.de\/magazin\/#\/schema\/person\/35683d71a5d303b63e63d1fb959198ba"},"headline":"Ventilserie VUVS von Festo jetzt neu im Landefeld Standardprogramm!","datePublished":"2025-12-05T10:56:47+00:00","dateModified":"2025-12-22T11:32:24+00:00","mainEntityOfPage":{"@id":"https:\/\/www.landefeld.de\/magazin\/ventilserie-vuvs-von-festo-jetzt-neu-im-landefeld-standardprogramm\/"},"wordCount":351,"publisher":{"@id":"https:\/\/www.landefeld.de\/magazin\/#organization"},"image":{"@id":"https:\/\/www.landefeld.de\/magazin\/ventilserie-vuvs-von-festo-jetzt-neu-im-landefeld-standardprogramm\/#primaryimage"},"thumbnailUrl":"https:\/\/www.landefeld.de\/magazin\/wp-content\/uploads\/2025\/12\/Beitragsbild_YouTube_Ventilserie-VUVS-von-Festo-jetzt-neu-im-Landefeld-Standardprogramm.jpg","articleSection":["Magnetventile"],"inLanguage":"de"},{"@type":"WebPage","@id":"https:\/\/www.landefeld.de\/magazin\/ventilserie-vuvs-von-festo-jetzt-neu-im-landefeld-standardprogramm\/","url":"https:\/\/www.landefeld.de\/magazin\/ventilserie-vuvs-von-festo-jetzt-neu-im-landefeld-standardprogramm\/","name":"Ventilserie VUVS jetzt von Festo jetzt neu im Landefeld Programm","isPartOf":{"@id":"https:\/\/www.landefeld.de\/magazin\/#website"},"primaryImageOfPage":{"@id":"https:\/\/www.landefeld.de\/magazin\/ventilserie-vuvs-von-festo-jetzt-neu-im-landefeld-standardprogramm\/#primaryimage"},"image":{"@id":"https:\/\/www.landefeld.de\/magazin\/ventilserie-vuvs-von-festo-jetzt-neu-im-landefeld-standardprogramm\/#primaryimage"},"thumbnailUrl":"https:\/\/www.landefeld.de\/magazin\/wp-content\/uploads\/2025\/12\/Beitragsbild_YouTube_Ventilserie-VUVS-von-Festo-jetzt-neu-im-Landefeld-Standardprogramm.jpg","datePublished":"2025-12-05T10:56:47+00:00","dateModified":"2025-12-22T11:32:24+00:00","description":"In diesem Video erkl\u00e4ren wir Ihnen die Vorteile der neuen Ventilserie VUVS von Festo im Landefeld Programm. Jetzt neu im Landeld Programm!","breadcrumb":{"@id":"https:\/\/www.landefeld.de\/magazin\/ventilserie-vuvs-von-festo-jetzt-neu-im-landefeld-standardprogramm\/#breadcrumb"},"inLanguage":"de","potentialAction":[{"@type":"ReadAction","target":["https:\/\/www.landefeld.de\/magazin\/ventilserie-vuvs-von-festo-jetzt-neu-im-landefeld-standardprogramm\/"]}]},{"@type":"ImageObject","inLanguage":"de","@id":"https:\/\/www.landefeld.de\/magazin\/ventilserie-vuvs-von-festo-jetzt-neu-im-landefeld-standardprogramm\/#primaryimage","url":"https:\/\/www.landefeld.de\/magazin\/wp-content\/uploads\/2025\/12\/Beitragsbild_YouTube_Ventilserie-VUVS-von-Festo-jetzt-neu-im-Landefeld-Standardprogramm.jpg","contentUrl":"https:\/\/www.landefeld.de\/magazin\/wp-content\/uploads\/2025\/12\/Beitragsbild_YouTube_Ventilserie-VUVS-von-Festo-jetzt-neu-im-Landefeld-Standardprogramm.jpg","width":1200,"height":800,"caption":"Ventilserie VUVS von Festo jetzt neu im Landefeld Standardprogramm!"},{"@type":"BreadcrumbList","@id":"https:\/\/www.landefeld.de\/magazin\/ventilserie-vuvs-von-festo-jetzt-neu-im-landefeld-standardprogramm\/#breadcrumb","itemListElement":[{"@type":"ListItem","position":1,"name":"Startseite","item":"https:\/\/www.landefeld.de\/magazin\/"},{"@type":"ListItem","position":2,"name":"Ventilserie VUVS von Festo jetzt neu im Landefeld Standardprogramm!"}]},{"@type":"WebSite","@id":"https:\/\/www.landefeld.de\/magazin\/#website","url":"https:\/\/www.landefeld.de\/magazin\/","name":"Landefeld Magazin","description":"","publisher":{"@id":"https:\/\/www.landefeld.de\/magazin\/#organization"},"alternateName":"Landefeld","potentialAction":[{"@type":"SearchAction","target":{"@type":"EntryPoint","urlTemplate":"https:\/\/www.landefeld.de\/magazin\/?s={search_term_string}"},"query-input":{"@type":"PropertyValueSpecification","valueRequired":true,"valueName":"search_term_string"}}],"inLanguage":"de"},{"@type":"Organization","@id":"https:\/\/www.landefeld.de\/magazin\/#organization","name":"Landefeld Druckluft und Hydraulik GmbH","alternateName":"Landefeld","url":"https:\/\/www.landefeld.de\/magazin\/","logo":{"@type":"ImageObject","inLanguage":"de","@id":"https:\/\/www.landefeld.de\/magazin\/#\/schema\/logo\/image\/","url":"https:\/\/www.landefeld.de\/magazin\/wp-content\/uploads\/2025\/07\/landefeld-logo-blau.svg","contentUrl":"https:\/\/www.landefeld.de\/magazin\/wp-content\/uploads\/2025\/07\/landefeld-logo-blau.svg","width":1445,"height":249,"caption":"Landefeld Druckluft und Hydraulik GmbH"},"image":{"@id":"https:\/\/www.landefeld.de\/magazin\/#\/schema\/logo\/image\/"},"sameAs":["https:\/\/www.facebook.com\/landefeld.de","https:\/\/www.instagram.com\/landefeld_druckluft_hydraulik\/","https:\/\/www.youtube.com\/@landefeld","https:\/\/de.linkedin.com\/company\/landefeld-druckluft-und-hydraulik-gmbh","https:\/\/www.xing.com\/pages\/landefelddruckluftundhydraulikgmbh"],"description":"Wir sind der f\u00fchrende, europaweit agierender Lieferant f\u00fcr Komponenten der Pneumatik, Hydraulik und des Industriebedarfs. In praktisch allen technischen Produktionsprozessen sind ein oder mehrere Artikel verbaut, die wir f\u00fcr Sie bevorraten. Als erfahrener Systemlieferant bedienen wir t\u00e4glich eine Vielzahl unterschiedlicher Branchen, Unternehmen und Menschen. Dabei spielt es keine Rolle ob Sie als Gro\u00dfkonzern, mittelst\u00e4ndisches Unternehmen, kleiner Handwerksbetrieb oder als Privatperson Kunde bei uns sind. Wir bieten all unseren Kunden den einzigartigen Landefeld Service!","email":"verkauf@landefeld.de","telephone":"+49561958859","legalName":"Landefeld Druckluft und Hydraulik GmbH","foundingDate":"1979-01-01","vatID":"DE113078807","numberOfEmployees":{"@type":"QuantitativeValue","minValue":"201","maxValue":"500"}},{"@type":"Person","@id":"https:\/\/www.landefeld.de\/magazin\/#\/schema\/person\/35683d71a5d303b63e63d1fb959198ba","name":"Anne Marie Schmitz","image":{"@type":"ImageObject","inLanguage":"de","@id":"https:\/\/secure.gravatar.com\/avatar\/a774a67ea56a75d6f05a19acd13c9811b6c699b094d6bf36098beb6e14d411fd?s=96&d=mm&r=g","url":"https:\/\/secure.gravatar.com\/avatar\/a774a67ea56a75d6f05a19acd13c9811b6c699b094d6bf36098beb6e14d411fd?s=96&d=mm&r=g","contentUrl":"https:\/\/secure.gravatar.com\/avatar\/a774a67ea56a75d6f05a19acd13c9811b6c699b094d6bf36098beb6e14d411fd?s=96&d=mm&r=g","caption":"Anne Marie Schmitz"},"url":"https:\/\/www.landefeld.de\/magazin\/author\/annemarie-schmitz\/"}]}},"_links":{"self":[{"href":"https:\/\/www.landefeld.de\/magazin\/wp-json\/wp\/v2\/posts\/1490","targetHints":{"allow":["GET"]}}],"collection":[{"href":"https:\/\/www.landefeld.de\/magazin\/wp-json\/wp\/v2\/posts"}],"about":[{"href":"https:\/\/www.landefeld.de\/magazin\/wp-json\/wp\/v2\/types\/post"}],"author":[{"embeddable":true,"href":"https:\/\/www.landefeld.de\/magazin\/wp-json\/wp\/v2\/users\/4"}],"replies":[{"embeddable":true,"href":"https:\/\/www.landefeld.de\/magazin\/wp-json\/wp\/v2\/comments?post=1490"}],"version-history":[{"count":0,"href":"https:\/\/www.landefeld.de\/magazin\/wp-json\/wp\/v2\/posts\/1490\/revisions"}],"wp:featuredmedia":[{"embeddable":true,"href":"https:\/\/www.landefeld.de\/magazin\/wp-json\/wp\/v2\/media\/3052"}],"wp:attachment":[{"href":"https:\/\/www.landefeld.de\/magazin\/wp-json\/wp\/v2\/media?parent=1490"}],"wp:term":[{"taxonomy":"category","embeddable":true,"href":"https:\/\/www.landefeld.de\/magazin\/wp-json\/wp\/v2\/categories?post=1490"},{"taxonomy":"post_tag","embeddable":true,"href":"https:\/\/www.landefeld.de\/magazin\/wp-json\/wp\/v2\/tags?post=1490"},{"taxonomy":"themenwelt","embeddable":true,"href":"https:\/\/www.landefeld.de\/magazin\/wp-json\/wp\/v2\/themenwelt?post=1490"}],"curies":[{"name":"wp","href":"https:\/\/api.w.org\/{rel}","templated":true}]}}