{"id":1639,"date":"2025-12-08T08:55:49","date_gmt":"2025-12-08T07:55:49","guid":{"rendered":"https:\/\/www.landefeld.de\/magazin\/?p=1639"},"modified":"2026-01-05T11:34:20","modified_gmt":"2026-01-05T10:34:20","slug":"kompaktzylinder-festo","status":"publish","type":"post","link":"https:\/\/www.landefeld.de\/magazin\/kompaktzylinder-festo\/","title":{"rendered":"Kompaktzylinder: Die leistungsstarken AEN-S &amp; ADN-S Modelle von Festo im Detail"},"content":{"rendered":"\t\t<div data-elementor-type=\"wp-post\" data-elementor-id=\"1639\" class=\"elementor elementor-1639\" data-elementor-settings=\"{&quot;element_pack_global_tooltip_width&quot;:{&quot;unit&quot;:&quot;px&quot;,&quot;size&quot;:&quot;&quot;,&quot;sizes&quot;:[]},&quot;element_pack_global_tooltip_width_laptop&quot;:{&quot;unit&quot;:&quot;px&quot;,&quot;size&quot;:&quot;&quot;,&quot;sizes&quot;:[]},&quot;element_pack_global_tooltip_width_tablet_extra&quot;:{&quot;unit&quot;:&quot;px&quot;,&quot;size&quot;:&quot;&quot;,&quot;sizes&quot;:[]},&quot;element_pack_global_tooltip_width_tablet&quot;:{&quot;unit&quot;:&quot;px&quot;,&quot;size&quot;:&quot;&quot;,&quot;sizes&quot;:[]},&quot;element_pack_global_tooltip_width_mobile_extra&quot;:{&quot;unit&quot;:&quot;px&quot;,&quot;size&quot;:&quot;&quot;,&quot;sizes&quot;:[]},&quot;element_pack_global_tooltip_width_mobile&quot;:{&quot;unit&quot;:&quot;px&quot;,&quot;size&quot;:&quot;&quot;,&quot;sizes&quot;:[]},&quot;element_pack_global_tooltip_padding&quot;:{&quot;unit&quot;:&quot;px&quot;,&quot;top&quot;:&quot;&quot;,&quot;right&quot;:&quot;&quot;,&quot;bottom&quot;:&quot;&quot;,&quot;left&quot;:&quot;&quot;,&quot;isLinked&quot;:true},&quot;element_pack_global_tooltip_padding_laptop&quot;:{&quot;unit&quot;:&quot;px&quot;,&quot;top&quot;:&quot;&quot;,&quot;right&quot;:&quot;&quot;,&quot;bottom&quot;:&quot;&quot;,&quot;left&quot;:&quot;&quot;,&quot;isLinked&quot;:true},&quot;element_pack_global_tooltip_padding_tablet_extra&quot;:{&quot;unit&quot;:&quot;px&quot;,&quot;top&quot;:&quot;&quot;,&quot;right&quot;:&quot;&quot;,&quot;bottom&quot;:&quot;&quot;,&quot;left&quot;:&quot;&quot;,&quot;isLinked&quot;:true},&quot;element_pack_global_tooltip_padding_tablet&quot;:{&quot;unit&quot;:&quot;px&quot;,&quot;top&quot;:&quot;&quot;,&quot;right&quot;:&quot;&quot;,&quot;bottom&quot;:&quot;&quot;,&quot;left&quot;:&quot;&quot;,&quot;isLinked&quot;:true},&quot;element_pack_global_tooltip_padding_mobile_extra&quot;:{&quot;unit&quot;:&quot;px&quot;,&quot;top&quot;:&quot;&quot;,&quot;right&quot;:&quot;&quot;,&quot;bottom&quot;:&quot;&quot;,&quot;left&quot;:&quot;&quot;,&quot;isLinked&quot;:true},&quot;element_pack_global_tooltip_padding_mobile&quot;:{&quot;unit&quot;:&quot;px&quot;,&quot;top&quot;:&quot;&quot;,&quot;right&quot;:&quot;&quot;,&quot;bottom&quot;:&quot;&quot;,&quot;left&quot;:&quot;&quot;,&quot;isLinked&quot;:true},&quot;element_pack_global_tooltip_border_radius&quot;:{&quot;unit&quot;:&quot;px&quot;,&quot;top&quot;:&quot;&quot;,&quot;right&quot;:&quot;&quot;,&quot;bottom&quot;:&quot;&quot;,&quot;left&quot;:&quot;&quot;,&quot;isLinked&quot;:true},&quot;element_pack_global_tooltip_border_radius_laptop&quot;:{&quot;unit&quot;:&quot;px&quot;,&quot;top&quot;:&quot;&quot;,&quot;right&quot;:&quot;&quot;,&quot;bottom&quot;:&quot;&quot;,&quot;left&quot;:&quot;&quot;,&quot;isLinked&quot;:true},&quot;element_pack_global_tooltip_border_radius_tablet_extra&quot;:{&quot;unit&quot;:&quot;px&quot;,&quot;top&quot;:&quot;&quot;,&quot;right&quot;:&quot;&quot;,&quot;bottom&quot;:&quot;&quot;,&quot;left&quot;:&quot;&quot;,&quot;isLinked&quot;:true},&quot;element_pack_global_tooltip_border_radius_tablet&quot;:{&quot;unit&quot;:&quot;px&quot;,&quot;top&quot;:&quot;&quot;,&quot;right&quot;:&quot;&quot;,&quot;bottom&quot;:&quot;&quot;,&quot;left&quot;:&quot;&quot;,&quot;isLinked&quot;:true},&quot;element_pack_global_tooltip_border_radius_mobile_extra&quot;:{&quot;unit&quot;:&quot;px&quot;,&quot;top&quot;:&quot;&quot;,&quot;right&quot;:&quot;&quot;,&quot;bottom&quot;:&quot;&quot;,&quot;left&quot;:&quot;&quot;,&quot;isLinked&quot;:true},&quot;element_pack_global_tooltip_border_radius_mobile&quot;:{&quot;unit&quot;:&quot;px&quot;,&quot;top&quot;:&quot;&quot;,&quot;right&quot;:&quot;&quot;,&quot;bottom&quot;:&quot;&quot;,&quot;left&quot;:&quot;&quot;,&quot;isLinked&quot;:true}}\" data-elementor-post-type=\"post\">\n\t\t\t\t<div class=\"elementor-element elementor-element-9b4e323 e-con-full e-flex e-con e-child\" data-id=\"9b4e323\" data-element_type=\"container\" data-e-type=\"container\">\n\t\t\t\t<div class=\"elementor-element elementor-element-0a0f8b6 elementor-widget elementor-widget-heading\" data-id=\"0a0f8b6\" data-element_type=\"widget\" data-e-type=\"widget\" data-widget_type=\"heading.default\">\n\t\t\t\t<div class=\"elementor-widget-container\">\n\t\t\t\t\t<h2 class=\"elementor-heading-title elementor-size-default\">Warum AEN-S &amp; ADN-S Kompaktzylinder die ideale Wahl sind<\/h2>\t\t\t\t<\/div>\n\t\t\t\t<\/div>\n\t\t\t\t<\/div>\n\t\t<div class=\"elementor-element elementor-element-fce4ab5 e-flex e-con-boxed e-con e-parent\" data-id=\"fce4ab5\" data-element_type=\"container\" data-e-type=\"container\">\n\t\t\t\t\t<div class=\"e-con-inner\">\n\t\t<div class=\"elementor-element elementor-element-d49e972 e-con-full e-flex e-con e-child\" data-id=\"d49e972\" data-element_type=\"container\" data-e-type=\"container\">\n\t\t\t\t<div class=\"elementor-element elementor-element-805e634 elementor-widget elementor-widget-text-editor\" data-id=\"805e634\" data-element_type=\"widget\" data-e-type=\"widget\" data-widget_type=\"text-editor.default\">\n\t\t\t\t<div class=\"elementor-widget-container\">\n\t\t\t\t\t\t\t\t\t<p>Die Kompaktzylinder <strong>AEN-S<\/strong> und <strong>ADN-S<\/strong> von Festo bieten eine hervorragende L\u00f6sung, wenn es um die Kombination von hoher Leistung und kompaktem Design geht. Sie wurden speziell entwickelt, um in anspruchsvollen Umgebungen zuverl\u00e4ssig zu funktionieren. Ihre robuste Bauweise macht sie besonders widerstandsf\u00e4hig und langlebig, selbst unter schwierigen Bedingungen.<\/p><p>Diese Zylinder sind besonders platzsparend gestaltet und eignen sich hervorragend f\u00fcr den Einsatz in engen R\u00e4umen oder kleinen Maschinen, wo gr\u00f6\u00dfere Komponenten nicht eingesetzt werden k\u00f6nnen. Trotz ihrer kompakten Bauweise \u00fcberzeugen sie mit einer beeindruckenden Vielseitigkeit. Sie kommen h\u00e4ufig in der <strong>Verpackungsindustrie<\/strong>, der <strong>Automatisierungsbranche<\/strong> und im <strong>Maschinenbau<\/strong> zum Einsatz, wo pr\u00e4zise Bewegungen und eine zuverl\u00e4ssige Funktion unverzichtbar sind.<\/p><p>Ein weiterer Vorteil der Serie ist ihre Flexibilit\u00e4t bei der Integration. Obwohl die Zylinder nicht nach der ISO-Norm gefertigt werden, passen sie dank identischer Schnittstellenma\u00dfe perfekt zu Zubeh\u00f6rteilen, die nach der Norm <strong>ISO 21287<\/strong> entwickelt wurden. So lassen sie sich problemlos in bestehende Systeme einbinden.<\/p>\t\t\t\t\t\t\t\t<\/div>\n\t\t\t\t<\/div>\n\t\t\t\t<\/div>\n\t\t<div class=\"elementor-element elementor-element-17f0e85 e-con-full e-flex e-con e-child\" data-id=\"17f0e85\" data-element_type=\"container\" data-e-type=\"container\">\n\t\t\t\t<div class=\"elementor-element elementor-element-371a421 elementor-widget elementor-widget-image\" data-id=\"371a421\" data-element_type=\"widget\" data-e-type=\"widget\" data-widget_type=\"image.default\">\n\t\t\t\t<div class=\"elementor-widget-container\">\n\t\t\t\t\t\t\t\t\t\t\t\t\t\t\t<img fetchpriority=\"high\" decoding=\"async\" width=\"800\" height=\"534\" src=\"https:\/\/www.landefeld.de\/magazin\/wp-content\/uploads\/2025\/12\/Festo_Partner-1024x684.jpg\" class=\"attachment-large size-large wp-image-1648\" alt=\"\" srcset=\"https:\/\/www.landefeld.de\/magazin\/wp-content\/uploads\/2025\/12\/Festo_Partner-1024x684.jpg 1024w, https:\/\/www.landefeld.de\/magazin\/wp-content\/uploads\/2025\/12\/Festo_Partner-300x200.jpg 300w, https:\/\/www.landefeld.de\/magazin\/wp-content\/uploads\/2025\/12\/Festo_Partner-768x513.jpg 768w, https:\/\/www.landefeld.de\/magazin\/wp-content\/uploads\/2025\/12\/Festo_Partner.jpg 1205w\" sizes=\"(max-width: 800px) 100vw, 800px\" \/>\t\t\t\t\t\t\t\t\t\t\t\t\t\t\t<\/div>\n\t\t\t\t<\/div>\n\t\t\t\t<div class=\"elementor-element elementor-element-6411d61 elementor-widget elementor-widget-image\" data-id=\"6411d61\" data-element_type=\"widget\" data-e-type=\"widget\" data-widget_type=\"image.default\">\n\t\t\t\t<div class=\"elementor-widget-container\">\n\t\t\t\t\t\t\t\t\t\t\t\t\t\t\t<img decoding=\"async\" width=\"405\" height=\"401\" src=\"https:\/\/www.landefeld.de\/magazin\/wp-content\/uploads\/2025\/12\/Kompaktzylinder.jpg\" class=\"elementor-animation-grow attachment-large size-large wp-image-1649\" alt=\"\" srcset=\"https:\/\/www.landefeld.de\/magazin\/wp-content\/uploads\/2025\/12\/Kompaktzylinder.jpg 405w, https:\/\/www.landefeld.de\/magazin\/wp-content\/uploads\/2025\/12\/Kompaktzylinder-300x297.jpg 300w, https:\/\/www.landefeld.de\/magazin\/wp-content\/uploads\/2025\/12\/Kompaktzylinder-150x150.jpg 150w\" sizes=\"(max-width: 405px) 100vw, 405px\" \/>\t\t\t\t\t\t\t\t\t\t\t\t\t\t\t<\/div>\n\t\t\t\t<\/div>\n\t\t\t\t<\/div>\n\t\t\t\t\t<\/div>\n\t\t\t\t<\/div>\n\t\t<div class=\"elementor-element elementor-element-477c815 e-con-full e-flex e-con e-child\" data-id=\"477c815\" data-element_type=\"container\" data-e-type=\"container\">\n\t\t\t\t<div class=\"elementor-element elementor-element-9161ce1 elementor-widget elementor-widget-heading\" data-id=\"9161ce1\" data-element_type=\"widget\" data-e-type=\"widget\" data-widget_type=\"heading.default\">\n\t\t\t\t<div class=\"elementor-widget-container\">\n\t\t\t\t\t<h2 class=\"elementor-heading-title elementor-size-default\">Technische Vorteile der Kompaktzylinder AEN-S &amp; ADN-S<\/h2>\t\t\t\t<\/div>\n\t\t\t\t<\/div>\n\t\t\t\t<\/div>\n\t\t<div class=\"elementor-element elementor-element-e699206 e-flex e-con-boxed e-con e-parent\" data-id=\"e699206\" data-element_type=\"container\" data-e-type=\"container\">\n\t\t\t\t\t<div class=\"e-con-inner\">\n\t\t\t\t<div class=\"elementor-element elementor-element-d3c80af elementor-widget elementor-widget-text-editor\" data-id=\"d3c80af\" data-element_type=\"widget\" data-e-type=\"widget\" data-widget_type=\"text-editor.default\">\n\t\t\t\t<div class=\"elementor-widget-container\">\n\t\t\t\t\t\t\t\t\t<div><div><div><div dir=\"auto\" data-message-author-role=\"assistant\" data-message-id=\"4ffef2d0-b0ef-4ff3-9bcc-f305f0fb02de\" data-message-model-slug=\"gpt-4o\"><div><div><p><strong>Kompakt und leicht \u2013 ohne Kompromisse<\/strong><\/p><p>Mit den AEN-S und ADN-S Zylindern hat Festo eine beeindruckende Balance zwischen Gr\u00f6\u00dfe, Gewicht und Leistung erreicht. Dank ihres innovativen Designs sind sie <strong>36 % k\u00fcrzer<\/strong> als die Vorg\u00e4ngerserie <strong>ADVC<\/strong>, ohne dass dabei die Funktionalit\u00e4t beeintr\u00e4chtigt wird. Gleichzeitig konnten die Entwickler das Gewicht um <strong>20 %<\/strong> im Vergleich zu \u00e4hnlichen Produkten am Markt reduzieren.<\/p><p>Diese Reduzierung von Gr\u00f6\u00dfe und Gewicht hat entscheidende Vorteile: Sie erleichtert nicht nur die Integration in Maschinen, sondern spart auch Platz und Energie. Die Geh\u00e4usekonstruktion aus einem einzigen St\u00fcck macht die Zylinder zudem \u00e4u\u00dferst robust und zuverl\u00e4ssig. Dadurch eignen sie sich hervorragend f\u00fcr den dauerhaften Einsatz in anspruchsvollen industriellen Anwendungen.<\/p><p><strong>Pr\u00e4zision f\u00fcr anspruchsvolle Anwendungen<\/strong><\/p><p>Die ADN-S und AEN-S Zylinder \u00fcberzeugen nicht nur durch ihre Kompaktheit, sondern auch durch ihre hohe Pr\u00e4zision. Ihre Bewegungssteuerung ist so genau, dass sie auch bei komplexen und anspruchsvollen Aufgaben zuverl\u00e4ssig arbeiten. Diese Eigenschaft macht sie besonders wertvoll in Bereichen wie:<\/p><ul><li><strong>Verpackungsanlagen<\/strong>, wo pr\u00e4zise und wiederholbare Bewegungen erforderlich sind.<\/li><li><strong>Automatisierungssystemen<\/strong>, die fehlerfrei und effizient arbeiten m\u00fcssen.<\/li><li><strong>Maschinenbauprojekten<\/strong>, in denen individuelle L\u00f6sungen oft unverzichtbar sind.<\/li><\/ul><\/div><\/div><\/div><\/div><\/div><\/div>\t\t\t\t\t\t\t\t<\/div>\n\t\t\t\t<\/div>\n\t\t\t\t<div class=\"elementor-element elementor-element-208756c elementor-widget elementor-widget-image\" data-id=\"208756c\" data-element_type=\"widget\" data-e-type=\"widget\" data-widget_type=\"image.default\">\n\t\t\t\t<div class=\"elementor-widget-container\">\n\t\t\t\t\t\t\t\t\t\t\t\t\t\t\t<img decoding=\"async\" width=\"1698\" height=\"508\" src=\"https:\/\/www.landefeld.de\/magazin\/wp-content\/uploads\/2025\/12\/Kompaktzylinder-reihe.jpg\" class=\"attachment-full size-full wp-image-1650\" alt=\"\" srcset=\"https:\/\/www.landefeld.de\/magazin\/wp-content\/uploads\/2025\/12\/Kompaktzylinder-reihe.jpg 1698w, https:\/\/www.landefeld.de\/magazin\/wp-content\/uploads\/2025\/12\/Kompaktzylinder-reihe-300x90.jpg 300w, https:\/\/www.landefeld.de\/magazin\/wp-content\/uploads\/2025\/12\/Kompaktzylinder-reihe-1024x306.jpg 1024w, https:\/\/www.landefeld.de\/magazin\/wp-content\/uploads\/2025\/12\/Kompaktzylinder-reihe-768x230.jpg 768w, https:\/\/www.landefeld.de\/magazin\/wp-content\/uploads\/2025\/12\/Kompaktzylinder-reihe-1536x460.jpg 1536w\" sizes=\"(max-width: 1698px) 100vw, 1698px\" \/>\t\t\t\t\t\t\t\t\t\t\t\t\t\t\t<\/div>\n\t\t\t\t<\/div>\n\t\t\t\t\t<\/div>\n\t\t\t\t<\/div>\n\t\t<div class=\"elementor-element elementor-element-2295bb2 e-con-full e-flex e-con e-child\" data-id=\"2295bb2\" data-element_type=\"container\" data-e-type=\"container\">\n\t\t\t\t<div class=\"elementor-element elementor-element-2278653 elementor-widget elementor-widget-heading\" data-id=\"2278653\" data-element_type=\"widget\" data-e-type=\"widget\" data-widget_type=\"heading.default\">\n\t\t\t\t<div class=\"elementor-widget-container\">\n\t\t\t\t\t<h2 class=\"elementor-heading-title elementor-size-default\">Flexibilit\u00e4t durch zahlreiche Varianten<\/h2>\t\t\t\t<\/div>\n\t\t\t\t<\/div>\n\t\t\t\t<\/div>\n\t\t<div class=\"elementor-element elementor-element-d3a85de e-flex e-con-boxed e-con e-parent\" data-id=\"d3a85de\" data-element_type=\"container\" data-e-type=\"container\">\n\t\t\t\t\t<div class=\"e-con-inner\">\n\t\t\t\t<div class=\"elementor-element elementor-element-9555b97 elementor-widget elementor-widget-text-editor\" data-id=\"9555b97\" data-element_type=\"widget\" data-e-type=\"widget\" data-widget_type=\"text-editor.default\">\n\t\t\t\t<div class=\"elementor-widget-container\">\n\t\t\t\t\t\t\t\t\t<p>Die <strong>ADN-S<\/strong> und <strong>AEN-S<\/strong> Zylinder bieten eine breite Palette an Variationsm\u00f6glichkeiten, sodass sie an unterschiedliche Anforderungen angepasst werden k\u00f6nnen. Sie sind mit verschiedenen Kolbendurchmessern erh\u00e4ltlich, was die Auswahl je nach Belastung und Einsatzgebiet erleichtert. Zus\u00e4tzlich gibt es Standardh\u00fcbe von <strong>5 bis 50 mm<\/strong>, wodurch sie f\u00fcr kurze, pr\u00e4zise Bewegungen ebenso geeignet sind wie f\u00fcr gr\u00f6\u00dfere H\u00fcbe.<\/p><p>Ein weiteres praktisches Detail ist die Wahlm\u00f6glichkeit zwischen <strong>Innen- und Au\u00dfengewinde<\/strong>, die zus\u00e4tzliche Flexibilit\u00e4t bei der Installation bietet. F\u00fcr spezielle Anwendungen, wie etwa in <strong>Produktionsanlagen f\u00fcr Lithium-Ionen-Akkus<\/strong>, gibt es zudem eine spezielle Ausf\u00fchrung mit dem Zusatz \u201e-F1A\u201c.<\/p>\t\t\t\t\t\t\t\t<\/div>\n\t\t\t\t<\/div>\n\t\t\t\t\t<\/div>\n\t\t\t\t<\/div>\n\t\t<div class=\"elementor-element elementor-element-9078e59 e-con-full e-flex e-con e-child\" data-id=\"9078e59\" data-element_type=\"container\" data-e-type=\"container\">\n\t\t\t\t<div class=\"elementor-element elementor-element-1c41206 elementor-widget elementor-widget-heading\" data-id=\"1c41206\" data-element_type=\"widget\" data-e-type=\"widget\" data-widget_type=\"heading.default\">\n\t\t\t\t<div class=\"elementor-widget-container\">\n\t\t\t\t\t<h2 class=\"elementor-heading-title elementor-size-default\">Innovative Features f\u00fcr eine einfache Integration<\/h2>\t\t\t\t<\/div>\n\t\t\t\t<\/div>\n\t\t\t\t<\/div>\n\t\t<div class=\"elementor-element elementor-element-f9fb94d e-flex e-con-boxed e-con e-parent\" data-id=\"f9fb94d\" data-element_type=\"container\" data-e-type=\"container\">\n\t\t\t\t\t<div class=\"e-con-inner\">\n\t\t\t\t<div class=\"elementor-element elementor-element-248aa3e elementor-widget elementor-widget-text-editor\" data-id=\"248aa3e\" data-element_type=\"widget\" data-e-type=\"widget\" data-widget_type=\"text-editor.default\">\n\t\t\t\t<div class=\"elementor-widget-container\">\n\t\t\t\t\t\t\t\t\t<p><strong>Sensormarkierung f\u00fcr Zylinderschalter<\/strong><\/p><p>Eine der herausragenden Innovationen dieser Serie ist die <strong>pr\u00e4zise Sensormarkierung<\/strong>. Sie macht die Positionierung von Zylinderschaltern besonders einfach. Dadurch sparen Sie Zeit bei der Einrichtung und reduzieren gleichzeitig das Risiko von Fehlern bei der Positionierung.<\/p><p><strong>Auto-Teach-in-Technologie spart Zeit<\/strong><\/p><p>In Kombination mit dem <strong>SDBT-MSX Zylinderschalter<\/strong> wird der Installationsprozess noch weiter vereinfacht. Dieser Schalter verf\u00fcgt \u00fcber eine <strong>Auto-Teach-in-Funktion<\/strong>, mit der er sich vollst\u00e4ndig selbstst\u00e4ndig auf die richtige Position einstellt. Dies bedeutet: Keine aufw\u00e4ndigen manuellen Anpassungen mehr und eine erhebliche Zeitersparnis bei der Inbetriebnahme.<\/p>\t\t\t\t\t\t\t\t<\/div>\n\t\t\t\t<\/div>\n\t\t\t\t\t<\/div>\n\t\t\t\t<\/div>\n\t\t<div class=\"elementor-element elementor-element-dbfce91 e-con-full e-flex e-con e-child\" data-id=\"dbfce91\" data-element_type=\"container\" data-e-type=\"container\">\n\t\t\t\t<div class=\"elementor-element elementor-element-aa23f48 elementor-widget elementor-widget-heading\" data-id=\"aa23f48\" data-element_type=\"widget\" data-e-type=\"widget\" data-widget_type=\"heading.default\">\n\t\t\t\t<div class=\"elementor-widget-container\">\n\t\t\t\t\t<h2 class=\"elementor-heading-title elementor-size-default\">Fazit: Kompaktzylinder, die \u00fcberzeugen<\/h2>\t\t\t\t<\/div>\n\t\t\t\t<\/div>\n\t\t\t\t<\/div>\n\t\t<div class=\"elementor-element elementor-element-9dc9ada e-flex e-con-boxed e-con e-parent\" data-id=\"9dc9ada\" data-element_type=\"container\" data-e-type=\"container\">\n\t\t\t\t\t<div class=\"e-con-inner\">\n\t\t\t\t<div class=\"elementor-element elementor-element-721931b elementor-widget elementor-widget-text-editor\" data-id=\"721931b\" data-element_type=\"widget\" data-e-type=\"widget\" data-widget_type=\"text-editor.default\">\n\t\t\t\t<div class=\"elementor-widget-container\">\n\t\t\t\t\t\t\t\t\t<p>Die AEN-S und ADN-S Kompaktzylinder von Festo vereinen alle Eigenschaften, die moderne industrielle Anwendungen erfordern. Sie sind:<\/p><ul><li><strong>Platzsparend<\/strong>, dank ihres kompakten Designs.<\/li><li><strong>Leistungsstark<\/strong>, mit hoher Pr\u00e4zision und Zuverl\u00e4ssigkeit.<\/li><li><strong>Vielseitig<\/strong>, durch zahlreiche Varianten und Anpassungsm\u00f6glichkeiten.<\/li><li><strong>Effizient<\/strong>, dank innovativer Features wie Auto-Teach-in und optimierten Schnittstellen.<\/li><\/ul><p>\u00a0<\/p><p>Ganz gleich, ob Sie in der Verpackungsindustrie, im Maschinenbau oder in der Automatisierung t\u00e4tig sind \u2013 diese Kompaktzylinder bieten Ihnen eine L\u00f6sung, die sowohl in der Konstruktion als auch in der Praxis \u00fcberzeugt.<\/p>\t\t\t\t\t\t\t\t<\/div>\n\t\t\t\t<\/div>\n\t\t\t\t\t<\/div>\n\t\t\t\t<\/div>\n\t\t<div class=\"elementor-element elementor-element-9393200 e-flex e-con-boxed e-con e-parent\" data-id=\"9393200\" data-element_type=\"container\" data-e-type=\"container\">\n\t\t\t\t\t<div class=\"e-con-inner\">\n\t\t\t\t<div class=\"elementor-element elementor-element-2d54037 elementor-cta--layout-image-right elementor-cta--mobile-layout-image-below elementor-cta--valign-top elementor-cta--skin-classic elementor-animated-content elementor-bg-transform elementor-bg-transform-zoom-in elementor-widget elementor-widget-call-to-action\" data-id=\"2d54037\" data-element_type=\"widget\" data-e-type=\"widget\" data-widget_type=\"call-to-action.default\">\n\t\t\t\t<div class=\"elementor-widget-container\">\n\t\t\t\t\t\t\t<a class=\"elementor-cta\" href=\"https:\/\/www.landefeld.de\/gruppe\/de\/kompaktzylinder-adn-s\/FTO-4886885\/suche\/ADN-S\" target=\"_blank\">\n\t\t\t\t\t<div class=\"elementor-cta__bg-wrapper\">\n\t\t\t\t<div class=\"elementor-cta__bg elementor-bg\" style=\"background-image: url(https:\/\/www.landefeld.de\/magazin\/wp-content\/uploads\/2025\/12\/kompaktzylinders-1024x631.jpg);\" role=\"img\" aria-label=\"kompaktzylinders.jpg\"><\/div>\n\t\t\t\t<div class=\"elementor-cta__bg-overlay\"><\/div>\n\t\t\t<\/div>\n\t\t\t\t\t\t\t<div class=\"elementor-cta__content\">\n\t\t\t\t\n\t\t\t\t\t\t\t\t\t<h2 class=\"elementor-cta__title elementor-cta__content-item elementor-content-item\">\n\t\t\t\t\t\tEntdecken Sie den ADN-S Kompaktzylinder von Festo!\t\t\t\t\t<\/h2>\n\t\t\t\t\n\t\t\t\t\n\t\t\t\t\t\t\t\t\t<div class=\"elementor-cta__button-wrapper elementor-cta__content-item elementor-content-item \">\n\t\t\t\t\t<span class=\"elementor-cta__button elementor-button elementor-size-\">\n\t\t\t\t\t\tzum Shop\t\t\t\t\t<\/span>\n\t\t\t\t\t<\/div>\n\t\t\t\t\t\t\t<\/div>\n\t\t\t\t\t\t\t<div class=\"elementor-ribbon elementor-ribbon-left\">\n\t\t\t\t<div class=\"elementor-ribbon-inner\">\n\t\t\t\t\tNEU\t\t\t\t<\/div>\n\t\t\t<\/div>\n\t\t\t\t<\/a>\n\t\t\t\t\t\t<\/div>\n\t\t\t\t<\/div>\n\t\t\t\t\t<\/div>\n\t\t\t\t<\/div>\n\t\t<div class=\"elementor-element elementor-element-56d77df e-flex e-con-boxed e-con e-parent\" data-id=\"56d77df\" data-element_type=\"container\" data-e-type=\"container\">\n\t\t\t\t\t<div class=\"e-con-inner\">\n\t\t\t\t<div class=\"elementor-element elementor-element-4a36997 elementor-cta--layout-image-right elementor-cta--mobile-layout-image-below elementor-cta--valign-top elementor-cta--skin-classic elementor-animated-content elementor-bg-transform elementor-bg-transform-zoom-in elementor-widget elementor-widget-call-to-action\" data-id=\"4a36997\" data-element_type=\"widget\" data-e-type=\"widget\" data-widget_type=\"call-to-action.default\">\n\t\t\t\t<div class=\"elementor-widget-container\">\n\t\t\t\t\t\t\t<a class=\"elementor-cta\" href=\"https:\/\/www.landefeld.de\/gruppe\/de\/kompaktzylinder-aen-s\/FTO-4891759\/suche\/AEN-S\" target=\"_blank\">\n\t\t\t\t\t<div class=\"elementor-cta__bg-wrapper\">\n\t\t\t\t<div class=\"elementor-cta__bg elementor-bg\" style=\"background-image: url(https:\/\/www.landefeld.de\/magazin\/wp-content\/uploads\/2025\/12\/kompaktzylinders-1024x631.jpg);\" role=\"img\" aria-label=\"kompaktzylinders.jpg\"><\/div>\n\t\t\t\t<div class=\"elementor-cta__bg-overlay\"><\/div>\n\t\t\t<\/div>\n\t\t\t\t\t\t\t<div class=\"elementor-cta__content\">\n\t\t\t\t\n\t\t\t\t\t\t\t\t\t<h2 class=\"elementor-cta__title elementor-cta__content-item elementor-content-item\">\n\t\t\t\t\t\tEntdecken Sie den AEN-S Kompaktzylinder von Festo!\t\t\t\t\t<\/h2>\n\t\t\t\t\n\t\t\t\t\n\t\t\t\t\t\t\t\t\t<div class=\"elementor-cta__button-wrapper elementor-cta__content-item elementor-content-item \">\n\t\t\t\t\t<span class=\"elementor-cta__button elementor-button elementor-size-\">\n\t\t\t\t\t\tzum Shop\t\t\t\t\t<\/span>\n\t\t\t\t\t<\/div>\n\t\t\t\t\t\t\t<\/div>\n\t\t\t\t\t\t\t<div class=\"elementor-ribbon elementor-ribbon-left\">\n\t\t\t\t<div class=\"elementor-ribbon-inner\">\n\t\t\t\t\tNEU\t\t\t\t<\/div>\n\t\t\t<\/div>\n\t\t\t\t<\/a>\n\t\t\t\t\t\t<\/div>\n\t\t\t\t<\/div>\n\t\t\t\t\t<\/div>\n\t\t\t\t<\/div>\n\t\t<div class=\"elementor-element elementor-element-872a5a7 e-flex e-con-boxed e-con e-parent\" data-id=\"872a5a7\" data-element_type=\"container\" data-e-type=\"container\">\n\t\t\t\t\t<div class=\"e-con-inner\">\n\t\t\t\t<div class=\"elementor-element elementor-element-3936e65 elementor-widget elementor-widget-image\" data-id=\"3936e65\" data-element_type=\"widget\" data-e-type=\"widget\" data-widget_type=\"image.default\">\n\t\t\t\t<div class=\"elementor-widget-container\">\n\t\t\t\t\t\t\t\t\t\t\t\t\t\t\t<img loading=\"lazy\" decoding=\"async\" width=\"800\" height=\"534\" src=\"https:\/\/www.landefeld.de\/magazin\/wp-content\/uploads\/2025\/12\/festo-1024x683.jpg\" class=\"attachment-large size-large wp-image-1631\" alt=\"\" srcset=\"https:\/\/www.landefeld.de\/magazin\/wp-content\/uploads\/2025\/12\/festo-1024x683.jpg 1024w, https:\/\/www.landefeld.de\/magazin\/wp-content\/uploads\/2025\/12\/festo-300x200.jpg 300w, https:\/\/www.landefeld.de\/magazin\/wp-content\/uploads\/2025\/12\/festo-768x512.jpg 768w, https:\/\/www.landefeld.de\/magazin\/wp-content\/uploads\/2025\/12\/festo-1536x1024.jpg 1536w, https:\/\/www.landefeld.de\/magazin\/wp-content\/uploads\/2025\/12\/festo.jpg 1719w\" sizes=\"(max-width: 800px) 100vw, 800px\" \/>\t\t\t\t\t\t\t\t\t\t\t\t\t\t\t<\/div>\n\t\t\t\t<\/div>\n\t\t\t\t\t<\/div>\n\t\t\t\t<\/div>\n\t\t\t\t<\/div>\n\t\t","protected":false},"excerpt":{"rendered":"<p>Warum AEN-S &amp; ADN-S Kompaktzylinder die ideale Wahl sind Die Kompaktzylinder AEN-S und ADN-S von Festo bieten eine hervorragende L\u00f6sung, wenn es um die Kombination von hoher Leistung und kompaktem Design geht. Sie wurden speziell entwickelt, um in anspruchsvollen Umgebungen zuverl\u00e4ssig zu funktionieren. Ihre robuste Bauweise macht sie besonders widerstandsf\u00e4hig und langlebig, selbst unter schwierigen [&hellip;]<\/p>\n","protected":false},"author":3,"featured_media":3420,"comment_status":"closed","ping_status":"open","sticky":false,"template":"tpl-single-video.php","format":"standard","meta":{"_acf_changed":false,"footnotes":""},"categories":[5],"tags":[],"themenwelt":[10,7,14],"class_list":["post-1639","post","type-post","status-publish","format-standard","has-post-thumbnail","hentry","category-zylinder","themenwelt-automation-industrie-4-0","themenwelt-pneumatik-in-der-praxis","themenwelt-produkt-highlights"],"acf":[],"yoast_head":"<!-- This site is optimized with the Yoast SEO Premium plugin v27.0 (Yoast SEO v27.4) - https:\/\/yoast.com\/product\/yoast-seo-premium-wordpress\/ -->\n<title>Kompaktzylinder: Die leistungsstarken AEN-S &amp; ADN-S Modelle von Festo im Detail<\/title>\n<meta name=\"description\" content=\"Erfahren Sie, warum die AEN-S &amp; ADN-S Kompaktzylinder von Festo ideal f\u00fcr anspruchsvolle Anwendungen sind. Kompakt und vielseitig einsetzbar!\" \/>\n<meta name=\"robots\" content=\"index, follow, max-snippet:-1, max-image-preview:large, max-video-preview:-1\" \/>\n<link rel=\"canonical\" href=\"https:\/\/www.landefeld.de\/magazin\/kompaktzylinder-festo\/\" \/>\n<meta property=\"og:locale\" content=\"de_DE\" \/>\n<meta property=\"og:type\" content=\"article\" \/>\n<meta property=\"og:title\" content=\"Kompaktzylinder: Die leistungsstarken AEN-S &amp; ADN-S Modelle von Festo im Detail\" \/>\n<meta property=\"og:description\" content=\"Erfahren Sie, warum die AEN-S &amp; ADN-S Kompaktzylinder von Festo ideal f\u00fcr anspruchsvolle Anwendungen sind. Kompakt und vielseitig einsetzbar!\" \/>\n<meta property=\"og:url\" content=\"https:\/\/www.landefeld.de\/magazin\/kompaktzylinder-festo\/\" \/>\n<meta property=\"og:site_name\" content=\"Landefeld.de\" \/>\n<meta property=\"article:publisher\" content=\"https:\/\/www.facebook.com\/landefeld.de\" \/>\n<meta property=\"article:published_time\" content=\"2025-12-08T07:55:49+00:00\" \/>\n<meta property=\"article:modified_time\" content=\"2026-01-05T10:34:20+00:00\" \/>\n<meta property=\"og:image\" content=\"https:\/\/www.landefeld.de\/magazin\/wp-content\/uploads\/2025\/12\/Beitragsbild_YouTube_ads.jpg\" \/>\n\t<meta property=\"og:image:width\" content=\"1200\" \/>\n\t<meta property=\"og:image:height\" content=\"800\" \/>\n\t<meta property=\"og:image:type\" content=\"image\/jpeg\" \/>\n<meta name=\"author\" content=\"Patrick Putschelik\" \/>\n<meta name=\"twitter:card\" content=\"summary_large_image\" \/>\n<meta name=\"twitter:label1\" content=\"Verfasst von\" \/>\n\t<meta name=\"twitter:data1\" content=\"Patrick Putschelik\" \/>\n\t<meta name=\"twitter:label2\" content=\"Gesch\u00e4tzte Lesezeit\" \/>\n\t<meta name=\"twitter:data2\" content=\"5\u00a0Minuten\" \/>\n<script type=\"application\/ld+json\" class=\"yoast-schema-graph\">{\"@context\":\"https:\\\/\\\/schema.org\",\"@graph\":[{\"@type\":\"Article\",\"@id\":\"https:\\\/\\\/www.landefeld.de\\\/magazin\\\/kompaktzylinder-festo\\\/#article\",\"isPartOf\":{\"@id\":\"https:\\\/\\\/www.landefeld.de\\\/magazin\\\/kompaktzylinder-festo\\\/\"},\"author\":{\"name\":\"Patrick Putschelik\",\"@id\":\"https:\\\/\\\/www.landefeld.de\\\/magazin\\\/#\\\/schema\\\/person\\\/152e78d4ad6dcd6ca1e295b2bfc56e72\"},\"headline\":\"Kompaktzylinder: Die leistungsstarken AEN-S &amp; ADN-S Modelle von Festo im Detail\",\"datePublished\":\"2025-12-08T07:55:49+00:00\",\"dateModified\":\"2026-01-05T10:34:20+00:00\",\"mainEntityOfPage\":{\"@id\":\"https:\\\/\\\/www.landefeld.de\\\/magazin\\\/kompaktzylinder-festo\\\/\"},\"wordCount\":695,\"publisher\":{\"@id\":\"https:\\\/\\\/www.landefeld.de\\\/magazin\\\/#organization\"},\"image\":{\"@id\":\"https:\\\/\\\/www.landefeld.de\\\/magazin\\\/kompaktzylinder-festo\\\/#primaryimage\"},\"thumbnailUrl\":\"https:\\\/\\\/www.landefeld.de\\\/magazin\\\/wp-content\\\/uploads\\\/2025\\\/12\\\/Beitragsbild_YouTube_ads.jpg\",\"articleSection\":[\"Zylinder\"],\"inLanguage\":\"de\"},{\"@type\":\"WebPage\",\"@id\":\"https:\\\/\\\/www.landefeld.de\\\/magazin\\\/kompaktzylinder-festo\\\/\",\"url\":\"https:\\\/\\\/www.landefeld.de\\\/magazin\\\/kompaktzylinder-festo\\\/\",\"name\":\"Kompaktzylinder: Die leistungsstarken AEN-S &amp; ADN-S Modelle von Festo im Detail\",\"isPartOf\":{\"@id\":\"https:\\\/\\\/www.landefeld.de\\\/magazin\\\/#website\"},\"primaryImageOfPage\":{\"@id\":\"https:\\\/\\\/www.landefeld.de\\\/magazin\\\/kompaktzylinder-festo\\\/#primaryimage\"},\"image\":{\"@id\":\"https:\\\/\\\/www.landefeld.de\\\/magazin\\\/kompaktzylinder-festo\\\/#primaryimage\"},\"thumbnailUrl\":\"https:\\\/\\\/www.landefeld.de\\\/magazin\\\/wp-content\\\/uploads\\\/2025\\\/12\\\/Beitragsbild_YouTube_ads.jpg\",\"datePublished\":\"2025-12-08T07:55:49+00:00\",\"dateModified\":\"2026-01-05T10:34:20+00:00\",\"description\":\"Erfahren Sie, warum die AEN-S & ADN-S Kompaktzylinder von Festo ideal f\u00fcr anspruchsvolle Anwendungen sind. Kompakt und vielseitig einsetzbar!\",\"breadcrumb\":{\"@id\":\"https:\\\/\\\/www.landefeld.de\\\/magazin\\\/kompaktzylinder-festo\\\/#breadcrumb\"},\"inLanguage\":\"de\",\"potentialAction\":[{\"@type\":\"ReadAction\",\"target\":[\"https:\\\/\\\/www.landefeld.de\\\/magazin\\\/kompaktzylinder-festo\\\/\"]}]},{\"@type\":\"ImageObject\",\"inLanguage\":\"de\",\"@id\":\"https:\\\/\\\/www.landefeld.de\\\/magazin\\\/kompaktzylinder-festo\\\/#primaryimage\",\"url\":\"https:\\\/\\\/www.landefeld.de\\\/magazin\\\/wp-content\\\/uploads\\\/2025\\\/12\\\/Beitragsbild_YouTube_ads.jpg\",\"contentUrl\":\"https:\\\/\\\/www.landefeld.de\\\/magazin\\\/wp-content\\\/uploads\\\/2025\\\/12\\\/Beitragsbild_YouTube_ads.jpg\",\"width\":1200,\"height\":800,\"caption\":\"ADN-S Kompaktzylinder\"},{\"@type\":\"BreadcrumbList\",\"@id\":\"https:\\\/\\\/www.landefeld.de\\\/magazin\\\/kompaktzylinder-festo\\\/#breadcrumb\",\"itemListElement\":[{\"@type\":\"ListItem\",\"position\":1,\"name\":\"Startseite\",\"item\":\"https:\\\/\\\/www.landefeld.de\\\/magazin\\\/\"},{\"@type\":\"ListItem\",\"position\":2,\"name\":\"Kompaktzylinder: Die leistungsstarken AEN-S &amp; ADN-S Modelle von Festo im Detail\"}]},{\"@type\":\"WebSite\",\"@id\":\"https:\\\/\\\/www.landefeld.de\\\/magazin\\\/#website\",\"url\":\"https:\\\/\\\/www.landefeld.de\\\/magazin\\\/\",\"name\":\"Landefeld Magazin\",\"description\":\"\",\"publisher\":{\"@id\":\"https:\\\/\\\/www.landefeld.de\\\/magazin\\\/#organization\"},\"alternateName\":\"Landefeld\",\"potentialAction\":[{\"@type\":\"SearchAction\",\"target\":{\"@type\":\"EntryPoint\",\"urlTemplate\":\"https:\\\/\\\/www.landefeld.de\\\/magazin\\\/?s={search_term_string}\"},\"query-input\":{\"@type\":\"PropertyValueSpecification\",\"valueRequired\":true,\"valueName\":\"search_term_string\"}}],\"inLanguage\":\"de\"},{\"@type\":\"Organization\",\"@id\":\"https:\\\/\\\/www.landefeld.de\\\/magazin\\\/#organization\",\"name\":\"Landefeld Druckluft und Hydraulik GmbH\",\"alternateName\":\"Landefeld\",\"url\":\"https:\\\/\\\/www.landefeld.de\\\/magazin\\\/\",\"logo\":{\"@type\":\"ImageObject\",\"inLanguage\":\"de\",\"@id\":\"https:\\\/\\\/www.landefeld.de\\\/magazin\\\/#\\\/schema\\\/logo\\\/image\\\/\",\"url\":\"https:\\\/\\\/www.landefeld.de\\\/magazin\\\/wp-content\\\/uploads\\\/2025\\\/07\\\/landefeld-logo-blau.svg\",\"contentUrl\":\"https:\\\/\\\/www.landefeld.de\\\/magazin\\\/wp-content\\\/uploads\\\/2025\\\/07\\\/landefeld-logo-blau.svg\",\"width\":1445,\"height\":249,\"caption\":\"Landefeld Druckluft und Hydraulik GmbH\"},\"image\":{\"@id\":\"https:\\\/\\\/www.landefeld.de\\\/magazin\\\/#\\\/schema\\\/logo\\\/image\\\/\"},\"sameAs\":[\"https:\\\/\\\/www.facebook.com\\\/landefeld.de\",\"https:\\\/\\\/www.instagram.com\\\/landefeld_druckluft_hydraulik\\\/\",\"https:\\\/\\\/www.youtube.com\\\/@landefeld\",\"https:\\\/\\\/de.linkedin.com\\\/company\\\/landefeld-druckluft-und-hydraulik-gmbh\",\"https:\\\/\\\/www.xing.com\\\/pages\\\/landefelddruckluftundhydraulikgmbh\"],\"description\":\"Wir sind der f\u00fchrende, europaweit agierender Lieferant f\u00fcr Komponenten der Pneumatik, Hydraulik und des Industriebedarfs. In praktisch allen technischen Produktionsprozessen sind ein oder mehrere Artikel verbaut, die wir f\u00fcr Sie bevorraten. Als erfahrener Systemlieferant bedienen wir t\u00e4glich eine Vielzahl unterschiedlicher Branchen, Unternehmen und Menschen. Dabei spielt es keine Rolle ob Sie als Gro\u00dfkonzern, mittelst\u00e4ndisches Unternehmen, kleiner Handwerksbetrieb oder als Privatperson Kunde bei uns sind. Wir bieten all unseren Kunden den einzigartigen Landefeld Service!\",\"email\":\"verkauf@landefeld.de\",\"telephone\":\"+49561958859\",\"legalName\":\"Landefeld Druckluft und Hydraulik GmbH\",\"foundingDate\":\"1979-01-01\",\"vatID\":\"DE113078807\",\"numberOfEmployees\":{\"@type\":\"QuantitativeValue\",\"minValue\":\"201\",\"maxValue\":\"500\"}},{\"@type\":\"Person\",\"@id\":\"https:\\\/\\\/www.landefeld.de\\\/magazin\\\/#\\\/schema\\\/person\\\/152e78d4ad6dcd6ca1e295b2bfc56e72\",\"name\":\"Patrick Putschelik\",\"image\":{\"@type\":\"ImageObject\",\"inLanguage\":\"de\",\"@id\":\"https:\\\/\\\/secure.gravatar.com\\\/avatar\\\/7f71d1df390a08e1ceb17e4fea70cf8f5f9faecd6e2cf30d2329388fd3fc2498?s=96&d=mm&r=g\",\"url\":\"https:\\\/\\\/secure.gravatar.com\\\/avatar\\\/7f71d1df390a08e1ceb17e4fea70cf8f5f9faecd6e2cf30d2329388fd3fc2498?s=96&d=mm&r=g\",\"contentUrl\":\"https:\\\/\\\/secure.gravatar.com\\\/avatar\\\/7f71d1df390a08e1ceb17e4fea70cf8f5f9faecd6e2cf30d2329388fd3fc2498?s=96&d=mm&r=g\",\"caption\":\"Patrick Putschelik\"},\"url\":\"https:\\\/\\\/www.landefeld.de\\\/magazin\\\/author\\\/patrick-putschelik\\\/\"}]}<\/script>\n<!-- \/ Yoast SEO Premium plugin. -->","yoast_head_json":{"title":"Kompaktzylinder: Die leistungsstarken AEN-S &amp; ADN-S Modelle von Festo im Detail","description":"Erfahren Sie, warum die AEN-S & ADN-S Kompaktzylinder von Festo ideal f\u00fcr anspruchsvolle Anwendungen sind. Kompakt und vielseitig einsetzbar!","robots":{"index":"index","follow":"follow","max-snippet":"max-snippet:-1","max-image-preview":"max-image-preview:large","max-video-preview":"max-video-preview:-1"},"canonical":"https:\/\/www.landefeld.de\/magazin\/kompaktzylinder-festo\/","og_locale":"de_DE","og_type":"article","og_title":"Kompaktzylinder: Die leistungsstarken AEN-S &amp; ADN-S Modelle von Festo im Detail","og_description":"Erfahren Sie, warum die AEN-S & ADN-S Kompaktzylinder von Festo ideal f\u00fcr anspruchsvolle Anwendungen sind. Kompakt und vielseitig einsetzbar!","og_url":"https:\/\/www.landefeld.de\/magazin\/kompaktzylinder-festo\/","og_site_name":"Landefeld.de","article_publisher":"https:\/\/www.facebook.com\/landefeld.de","article_published_time":"2025-12-08T07:55:49+00:00","article_modified_time":"2026-01-05T10:34:20+00:00","og_image":[{"width":1200,"height":800,"url":"https:\/\/www.landefeld.de\/magazin\/wp-content\/uploads\/2025\/12\/Beitragsbild_YouTube_ads.jpg","type":"image\/jpeg"}],"author":"Patrick Putschelik","twitter_card":"summary_large_image","twitter_misc":{"Verfasst von":"Patrick Putschelik","Gesch\u00e4tzte Lesezeit":"5\u00a0Minuten"},"schema":{"@context":"https:\/\/schema.org","@graph":[{"@type":"Article","@id":"https:\/\/www.landefeld.de\/magazin\/kompaktzylinder-festo\/#article","isPartOf":{"@id":"https:\/\/www.landefeld.de\/magazin\/kompaktzylinder-festo\/"},"author":{"name":"Patrick Putschelik","@id":"https:\/\/www.landefeld.de\/magazin\/#\/schema\/person\/152e78d4ad6dcd6ca1e295b2bfc56e72"},"headline":"Kompaktzylinder: Die leistungsstarken AEN-S &amp; ADN-S Modelle von Festo im Detail","datePublished":"2025-12-08T07:55:49+00:00","dateModified":"2026-01-05T10:34:20+00:00","mainEntityOfPage":{"@id":"https:\/\/www.landefeld.de\/magazin\/kompaktzylinder-festo\/"},"wordCount":695,"publisher":{"@id":"https:\/\/www.landefeld.de\/magazin\/#organization"},"image":{"@id":"https:\/\/www.landefeld.de\/magazin\/kompaktzylinder-festo\/#primaryimage"},"thumbnailUrl":"https:\/\/www.landefeld.de\/magazin\/wp-content\/uploads\/2025\/12\/Beitragsbild_YouTube_ads.jpg","articleSection":["Zylinder"],"inLanguage":"de"},{"@type":"WebPage","@id":"https:\/\/www.landefeld.de\/magazin\/kompaktzylinder-festo\/","url":"https:\/\/www.landefeld.de\/magazin\/kompaktzylinder-festo\/","name":"Kompaktzylinder: Die leistungsstarken AEN-S &amp; ADN-S Modelle von Festo im Detail","isPartOf":{"@id":"https:\/\/www.landefeld.de\/magazin\/#website"},"primaryImageOfPage":{"@id":"https:\/\/www.landefeld.de\/magazin\/kompaktzylinder-festo\/#primaryimage"},"image":{"@id":"https:\/\/www.landefeld.de\/magazin\/kompaktzylinder-festo\/#primaryimage"},"thumbnailUrl":"https:\/\/www.landefeld.de\/magazin\/wp-content\/uploads\/2025\/12\/Beitragsbild_YouTube_ads.jpg","datePublished":"2025-12-08T07:55:49+00:00","dateModified":"2026-01-05T10:34:20+00:00","description":"Erfahren Sie, warum die AEN-S & ADN-S Kompaktzylinder von Festo ideal f\u00fcr anspruchsvolle Anwendungen sind. Kompakt und vielseitig einsetzbar!","breadcrumb":{"@id":"https:\/\/www.landefeld.de\/magazin\/kompaktzylinder-festo\/#breadcrumb"},"inLanguage":"de","potentialAction":[{"@type":"ReadAction","target":["https:\/\/www.landefeld.de\/magazin\/kompaktzylinder-festo\/"]}]},{"@type":"ImageObject","inLanguage":"de","@id":"https:\/\/www.landefeld.de\/magazin\/kompaktzylinder-festo\/#primaryimage","url":"https:\/\/www.landefeld.de\/magazin\/wp-content\/uploads\/2025\/12\/Beitragsbild_YouTube_ads.jpg","contentUrl":"https:\/\/www.landefeld.de\/magazin\/wp-content\/uploads\/2025\/12\/Beitragsbild_YouTube_ads.jpg","width":1200,"height":800,"caption":"ADN-S Kompaktzylinder"},{"@type":"BreadcrumbList","@id":"https:\/\/www.landefeld.de\/magazin\/kompaktzylinder-festo\/#breadcrumb","itemListElement":[{"@type":"ListItem","position":1,"name":"Startseite","item":"https:\/\/www.landefeld.de\/magazin\/"},{"@type":"ListItem","position":2,"name":"Kompaktzylinder: Die leistungsstarken AEN-S &amp; ADN-S Modelle von Festo im Detail"}]},{"@type":"WebSite","@id":"https:\/\/www.landefeld.de\/magazin\/#website","url":"https:\/\/www.landefeld.de\/magazin\/","name":"Landefeld Magazin","description":"","publisher":{"@id":"https:\/\/www.landefeld.de\/magazin\/#organization"},"alternateName":"Landefeld","potentialAction":[{"@type":"SearchAction","target":{"@type":"EntryPoint","urlTemplate":"https:\/\/www.landefeld.de\/magazin\/?s={search_term_string}"},"query-input":{"@type":"PropertyValueSpecification","valueRequired":true,"valueName":"search_term_string"}}],"inLanguage":"de"},{"@type":"Organization","@id":"https:\/\/www.landefeld.de\/magazin\/#organization","name":"Landefeld Druckluft und Hydraulik GmbH","alternateName":"Landefeld","url":"https:\/\/www.landefeld.de\/magazin\/","logo":{"@type":"ImageObject","inLanguage":"de","@id":"https:\/\/www.landefeld.de\/magazin\/#\/schema\/logo\/image\/","url":"https:\/\/www.landefeld.de\/magazin\/wp-content\/uploads\/2025\/07\/landefeld-logo-blau.svg","contentUrl":"https:\/\/www.landefeld.de\/magazin\/wp-content\/uploads\/2025\/07\/landefeld-logo-blau.svg","width":1445,"height":249,"caption":"Landefeld Druckluft und Hydraulik GmbH"},"image":{"@id":"https:\/\/www.landefeld.de\/magazin\/#\/schema\/logo\/image\/"},"sameAs":["https:\/\/www.facebook.com\/landefeld.de","https:\/\/www.instagram.com\/landefeld_druckluft_hydraulik\/","https:\/\/www.youtube.com\/@landefeld","https:\/\/de.linkedin.com\/company\/landefeld-druckluft-und-hydraulik-gmbh","https:\/\/www.xing.com\/pages\/landefelddruckluftundhydraulikgmbh"],"description":"Wir sind der f\u00fchrende, europaweit agierender Lieferant f\u00fcr Komponenten der Pneumatik, Hydraulik und des Industriebedarfs. In praktisch allen technischen Produktionsprozessen sind ein oder mehrere Artikel verbaut, die wir f\u00fcr Sie bevorraten. Als erfahrener Systemlieferant bedienen wir t\u00e4glich eine Vielzahl unterschiedlicher Branchen, Unternehmen und Menschen. Dabei spielt es keine Rolle ob Sie als Gro\u00dfkonzern, mittelst\u00e4ndisches Unternehmen, kleiner Handwerksbetrieb oder als Privatperson Kunde bei uns sind. Wir bieten all unseren Kunden den einzigartigen Landefeld Service!","email":"verkauf@landefeld.de","telephone":"+49561958859","legalName":"Landefeld Druckluft und Hydraulik GmbH","foundingDate":"1979-01-01","vatID":"DE113078807","numberOfEmployees":{"@type":"QuantitativeValue","minValue":"201","maxValue":"500"}},{"@type":"Person","@id":"https:\/\/www.landefeld.de\/magazin\/#\/schema\/person\/152e78d4ad6dcd6ca1e295b2bfc56e72","name":"Patrick Putschelik","image":{"@type":"ImageObject","inLanguage":"de","@id":"https:\/\/secure.gravatar.com\/avatar\/7f71d1df390a08e1ceb17e4fea70cf8f5f9faecd6e2cf30d2329388fd3fc2498?s=96&d=mm&r=g","url":"https:\/\/secure.gravatar.com\/avatar\/7f71d1df390a08e1ceb17e4fea70cf8f5f9faecd6e2cf30d2329388fd3fc2498?s=96&d=mm&r=g","contentUrl":"https:\/\/secure.gravatar.com\/avatar\/7f71d1df390a08e1ceb17e4fea70cf8f5f9faecd6e2cf30d2329388fd3fc2498?s=96&d=mm&r=g","caption":"Patrick Putschelik"},"url":"https:\/\/www.landefeld.de\/magazin\/author\/patrick-putschelik\/"}]}},"_links":{"self":[{"href":"https:\/\/www.landefeld.de\/magazin\/wp-json\/wp\/v2\/posts\/1639","targetHints":{"allow":["GET"]}}],"collection":[{"href":"https:\/\/www.landefeld.de\/magazin\/wp-json\/wp\/v2\/posts"}],"about":[{"href":"https:\/\/www.landefeld.de\/magazin\/wp-json\/wp\/v2\/types\/post"}],"author":[{"embeddable":true,"href":"https:\/\/www.landefeld.de\/magazin\/wp-json\/wp\/v2\/users\/3"}],"replies":[{"embeddable":true,"href":"https:\/\/www.landefeld.de\/magazin\/wp-json\/wp\/v2\/comments?post=1639"}],"version-history":[{"count":0,"href":"https:\/\/www.landefeld.de\/magazin\/wp-json\/wp\/v2\/posts\/1639\/revisions"}],"wp:featuredmedia":[{"embeddable":true,"href":"https:\/\/www.landefeld.de\/magazin\/wp-json\/wp\/v2\/media\/3420"}],"wp:attachment":[{"href":"https:\/\/www.landefeld.de\/magazin\/wp-json\/wp\/v2\/media?parent=1639"}],"wp:term":[{"taxonomy":"category","embeddable":true,"href":"https:\/\/www.landefeld.de\/magazin\/wp-json\/wp\/v2\/categories?post=1639"},{"taxonomy":"post_tag","embeddable":true,"href":"https:\/\/www.landefeld.de\/magazin\/wp-json\/wp\/v2\/tags?post=1639"},{"taxonomy":"themenwelt","embeddable":true,"href":"https:\/\/www.landefeld.de\/magazin\/wp-json\/wp\/v2\/themenwelt?post=1639"}],"curies":[{"name":"wp","href":"https:\/\/api.w.org\/{rel}","templated":true}]}}