{"id":2603,"date":"2025-12-10T11:03:37","date_gmt":"2025-12-10T10:03:37","guid":{"rendered":"https:\/\/www.landefeld.de\/magazin\/?p=2603"},"modified":"2026-01-05T14:41:52","modified_gmt":"2026-01-05T13:41:52","slug":"arbeitsschutz","status":"publish","type":"post","link":"https:\/\/www.landefeld.de\/magazin\/arbeitsschutz\/","title":{"rendered":"Arbeitsschutz &#8211; Die Sicherheit am Arbeitsplatz ist wichtig!"},"content":{"rendered":"\t\t<div data-elementor-type=\"wp-post\" data-elementor-id=\"2603\" class=\"elementor elementor-2603\" data-elementor-settings=\"{&quot;element_pack_global_tooltip_width&quot;:{&quot;unit&quot;:&quot;px&quot;,&quot;size&quot;:&quot;&quot;,&quot;sizes&quot;:[]},&quot;element_pack_global_tooltip_width_laptop&quot;:{&quot;unit&quot;:&quot;px&quot;,&quot;size&quot;:&quot;&quot;,&quot;sizes&quot;:[]},&quot;element_pack_global_tooltip_width_tablet_extra&quot;:{&quot;unit&quot;:&quot;px&quot;,&quot;size&quot;:&quot;&quot;,&quot;sizes&quot;:[]},&quot;element_pack_global_tooltip_width_tablet&quot;:{&quot;unit&quot;:&quot;px&quot;,&quot;size&quot;:&quot;&quot;,&quot;sizes&quot;:[]},&quot;element_pack_global_tooltip_width_mobile_extra&quot;:{&quot;unit&quot;:&quot;px&quot;,&quot;size&quot;:&quot;&quot;,&quot;sizes&quot;:[]},&quot;element_pack_global_tooltip_width_mobile&quot;:{&quot;unit&quot;:&quot;px&quot;,&quot;size&quot;:&quot;&quot;,&quot;sizes&quot;:[]},&quot;element_pack_global_tooltip_padding&quot;:{&quot;unit&quot;:&quot;px&quot;,&quot;top&quot;:&quot;&quot;,&quot;right&quot;:&quot;&quot;,&quot;bottom&quot;:&quot;&quot;,&quot;left&quot;:&quot;&quot;,&quot;isLinked&quot;:true},&quot;element_pack_global_tooltip_padding_laptop&quot;:{&quot;unit&quot;:&quot;px&quot;,&quot;top&quot;:&quot;&quot;,&quot;right&quot;:&quot;&quot;,&quot;bottom&quot;:&quot;&quot;,&quot;left&quot;:&quot;&quot;,&quot;isLinked&quot;:true},&quot;element_pack_global_tooltip_padding_tablet_extra&quot;:{&quot;unit&quot;:&quot;px&quot;,&quot;top&quot;:&quot;&quot;,&quot;right&quot;:&quot;&quot;,&quot;bottom&quot;:&quot;&quot;,&quot;left&quot;:&quot;&quot;,&quot;isLinked&quot;:true},&quot;element_pack_global_tooltip_padding_tablet&quot;:{&quot;unit&quot;:&quot;px&quot;,&quot;top&quot;:&quot;&quot;,&quot;right&quot;:&quot;&quot;,&quot;bottom&quot;:&quot;&quot;,&quot;left&quot;:&quot;&quot;,&quot;isLinked&quot;:true},&quot;element_pack_global_tooltip_padding_mobile_extra&quot;:{&quot;unit&quot;:&quot;px&quot;,&quot;top&quot;:&quot;&quot;,&quot;right&quot;:&quot;&quot;,&quot;bottom&quot;:&quot;&quot;,&quot;left&quot;:&quot;&quot;,&quot;isLinked&quot;:true},&quot;element_pack_global_tooltip_padding_mobile&quot;:{&quot;unit&quot;:&quot;px&quot;,&quot;top&quot;:&quot;&quot;,&quot;right&quot;:&quot;&quot;,&quot;bottom&quot;:&quot;&quot;,&quot;left&quot;:&quot;&quot;,&quot;isLinked&quot;:true},&quot;element_pack_global_tooltip_border_radius&quot;:{&quot;unit&quot;:&quot;px&quot;,&quot;top&quot;:&quot;&quot;,&quot;right&quot;:&quot;&quot;,&quot;bottom&quot;:&quot;&quot;,&quot;left&quot;:&quot;&quot;,&quot;isLinked&quot;:true},&quot;element_pack_global_tooltip_border_radius_laptop&quot;:{&quot;unit&quot;:&quot;px&quot;,&quot;top&quot;:&quot;&quot;,&quot;right&quot;:&quot;&quot;,&quot;bottom&quot;:&quot;&quot;,&quot;left&quot;:&quot;&quot;,&quot;isLinked&quot;:true},&quot;element_pack_global_tooltip_border_radius_tablet_extra&quot;:{&quot;unit&quot;:&quot;px&quot;,&quot;top&quot;:&quot;&quot;,&quot;right&quot;:&quot;&quot;,&quot;bottom&quot;:&quot;&quot;,&quot;left&quot;:&quot;&quot;,&quot;isLinked&quot;:true},&quot;element_pack_global_tooltip_border_radius_tablet&quot;:{&quot;unit&quot;:&quot;px&quot;,&quot;top&quot;:&quot;&quot;,&quot;right&quot;:&quot;&quot;,&quot;bottom&quot;:&quot;&quot;,&quot;left&quot;:&quot;&quot;,&quot;isLinked&quot;:true},&quot;element_pack_global_tooltip_border_radius_mobile_extra&quot;:{&quot;unit&quot;:&quot;px&quot;,&quot;top&quot;:&quot;&quot;,&quot;right&quot;:&quot;&quot;,&quot;bottom&quot;:&quot;&quot;,&quot;left&quot;:&quot;&quot;,&quot;isLinked&quot;:true},&quot;element_pack_global_tooltip_border_radius_mobile&quot;:{&quot;unit&quot;:&quot;px&quot;,&quot;top&quot;:&quot;&quot;,&quot;right&quot;:&quot;&quot;,&quot;bottom&quot;:&quot;&quot;,&quot;left&quot;:&quot;&quot;,&quot;isLinked&quot;:true}}\" data-elementor-post-type=\"post\">\n\t\t\t\t<div class=\"elementor-element elementor-element-d05c516 e-flex e-con-boxed e-con e-parent\" data-id=\"d05c516\" data-element_type=\"container\" data-e-type=\"container\">\n\t\t\t\t\t<div class=\"e-con-inner\">\n\t\t\t\t<div class=\"elementor-element elementor-element-7c74e54 elementor-widget elementor-widget-text-editor\" data-id=\"7c74e54\" data-element_type=\"widget\" data-e-type=\"widget\" data-widget_type=\"text-editor.default\">\n\t\t\t\t<div class=\"elementor-widget-container\">\n\t\t\t\t\t\t\t\t\t<p>Effizienter Arbeitsschutz und Unfallvermeidung sind in der immer schneller und anspruchsvoller werdenden Arbeitswelt unverzichtbar. Arbeitgeber sind nach dem Arbeitsschutzgesetz (ArbSchG) sowie nach den Unfallverh\u00fctungsvorschriften sogar dazu verpflichtet etwaige Gefahren zu ermitteln und ebenfalls Schutzma\u00dfnahmen zu ergreifen. Deshalb sollte Arbeitsschutz nicht auf die leichte Schulter genommen werden!<\/p>\t\t\t\t\t\t\t\t<\/div>\n\t\t\t\t<\/div>\n\t\t\t\t\t<\/div>\n\t\t\t\t<\/div>\n\t\t<div class=\"elementor-element elementor-element-6ab42fd7 e-flex e-con-boxed e-con e-parent\" data-id=\"6ab42fd7\" data-element_type=\"container\" data-e-type=\"container\">\n\t\t\t\t\t<div class=\"e-con-inner\">\n\t\t<div class=\"elementor-element elementor-element-33dc5436 e-con-full e-flex e-con e-child\" data-id=\"33dc5436\" data-element_type=\"container\" data-e-type=\"container\">\n\t\t\t\t<div class=\"elementor-element elementor-element-43f77195 elementor-widget elementor-widget-heading\" data-id=\"43f77195\" data-element_type=\"widget\" data-e-type=\"widget\" data-widget_type=\"heading.default\">\n\t\t\t\t<div class=\"elementor-widget-container\">\n\t\t\t\t\t<h2 class=\"elementor-heading-title elementor-size-default\">Augenschutz<\/h2>\t\t\t\t<\/div>\n\t\t\t\t<\/div>\n\t\t\t\t<\/div>\n\t\t\t\t<div class=\"elementor-element elementor-element-1eb82a4a elementor-widget elementor-widget-text-editor\" data-id=\"1eb82a4a\" data-element_type=\"widget\" data-e-type=\"widget\" data-widget_type=\"text-editor.default\">\n\t\t\t\t<div class=\"elementor-widget-container\">\n\t\t\t\t\t\t\t\t\t<p>In vielen Arbeitsst\u00e4tten ist der Augenschutz von besonders gro\u00dfer Wichtigkeit. Denn 70 Prozent aller Augenverletzungen werden n\u00e4mlich von mechanischen Einwirkungen verursacht. Das k\u00f6nnen Schl\u00e4ge, St\u00f6\u00dfe oder Fremdk\u00f6rper sein, die die Sehkraft dadurch irreparabel beeintr\u00e4chtigen k\u00f6nnen.<\/p><p>Schutzbrillen m\u00fcssen daher viele sicherheitsrelevante Kriterien erf\u00fcllen. Der Schutz vor Chemikalien, Funken, Splittern und unterschiedlichen Strahlungen steht deswegen besonders im Vordergrund. Dabei ist zu beachten Brille ist nicht gleich Brille! Es gibt n\u00e4mlich f\u00fcr jeden Zweck einen passenden Augenschutz. Detaillierte Informationen zu Schutzklassen und Kennzeichnungen sind dementsprechend in den berufsgenossenschaftlichen Verordnungen f\u00fcr Sicherheit und Gesundheit bei der Arbeit zu finden (Siehe Benutzung von Augen- und Gesichtsschutz,\u00a0 DGUV 112-192).<\/p><p>Neben dem Punkt der Sicherheit spielt auch der Tragekomfort eine wichtige Rolle. Moderne Schutzbrillen sollten demzufolge leicht sein. Zudem m\u00fcssen Sie \u00fcber verstellbare Nasenauflagen sowie B\u00fcgel verf\u00fcgen um dadurch eine optimale Passform zu gew\u00e4hrleisten.<\/p><p>Darum bieten wir Ihnen in unserem Sortiment eine Vielzahl von <a href=\"https:\/\/www.landefeld.de\/gruppe\/de\/schutzbrillen-en-166\/SCHUBRIVS\" target=\"_blank\" rel=\"noopener\">Schutzbrillen<\/a> f\u00fcr die unterschiedlichsten Bereiche Ihrer Arbeitsst\u00e4tte an.<\/p>\t\t\t\t\t\t\t\t<\/div>\n\t\t\t\t<\/div>\n\t\t\t\t<div class=\"elementor-element elementor-element-7539029 elementor-widget elementor-widget-image\" data-id=\"7539029\" data-element_type=\"widget\" data-e-type=\"widget\" data-widget_type=\"image.default\">\n\t\t\t\t<div class=\"elementor-widget-container\">\n\t\t\t\t\t\t\t\t\t\t\t\t\t\t\t\t<a href=\"https:\/\/www.landefeld.de\/katalog\/de\/handschuhe-gehoerschutz-atemschutz-schutzbrillen-overalls\/%7B77908407-9AA4-45B4-820C-91D558FEBB41%7D\" target=\"_blank\">\n\t\t\t\t\t\t\t<img fetchpriority=\"high\" decoding=\"async\" width=\"800\" height=\"450\" src=\"https:\/\/www.landefeld.de\/magazin\/wp-content\/uploads\/2025\/12\/Arbeitsschutz1-1.jpg\" class=\"attachment-large size-large wp-image-2605\" alt=\"Arbeitsschutz \u2013 Die Sicherheit am Arbeitsplatz ist wichtig!\" srcset=\"https:\/\/www.landefeld.de\/magazin\/wp-content\/uploads\/2025\/12\/Arbeitsschutz1-1.jpg 960w, https:\/\/www.landefeld.de\/magazin\/wp-content\/uploads\/2025\/12\/Arbeitsschutz1-1-300x169.jpg 300w, https:\/\/www.landefeld.de\/magazin\/wp-content\/uploads\/2025\/12\/Arbeitsschutz1-1-768x432.jpg 768w\" sizes=\"(max-width: 800px) 100vw, 800px\" \/>\t\t\t\t\t\t\t\t<\/a>\n\t\t\t\t\t\t\t\t\t\t\t\t\t\t\t<\/div>\n\t\t\t\t<\/div>\n\t\t\t\t\t<\/div>\n\t\t\t\t<\/div>\n\t\t<div class=\"elementor-element elementor-element-1bbc3b1f e-flex e-con-boxed e-con e-parent\" data-id=\"1bbc3b1f\" data-element_type=\"container\" data-e-type=\"container\">\n\t\t\t\t\t<div class=\"e-con-inner\">\n\t\t<div class=\"elementor-element elementor-element-4f26605a e-con-full e-flex e-con e-child\" data-id=\"4f26605a\" data-element_type=\"container\" data-e-type=\"container\">\n\t\t\t\t<div class=\"elementor-element elementor-element-341bd461 elementor-widget elementor-widget-heading\" data-id=\"341bd461\" data-element_type=\"widget\" data-e-type=\"widget\" data-widget_type=\"heading.default\">\n\t\t\t\t<div class=\"elementor-widget-container\">\n\t\t\t\t\t<h2 class=\"elementor-heading-title elementor-size-default\">Geh\u00f6rschutz<\/h2>\t\t\t\t<\/div>\n\t\t\t\t<\/div>\n\t\t\t\t<\/div>\n\t\t\t\t<div class=\"elementor-element elementor-element-43cfac4a elementor-widget elementor-widget-text-editor\" data-id=\"43cfac4a\" data-element_type=\"widget\" data-e-type=\"widget\" data-widget_type=\"text-editor.default\">\n\t\t\t\t<div class=\"elementor-widget-container\">\n\t\t\t\t\t\t\t\t\t<p>Der Schutz des Geh\u00f6rs ist ebenfalls ein wichtiger Aspekt im <a href=\"https:\/\/www.landefeld.de\/katalog\/de\/persoenliche-schutzausruestungen-psa-\/%7B77908407-9AA4-45B4-820C-91D558FEBB41%7D\" target=\"_blank\" rel=\"noopener\">Arbeitsschutz<\/a>. Neben der weitverbreiteten L\u00e4rmschwerh\u00f6rigkeit z\u00e4hlen ebenfalls Tinnitus und H\u00f6rst\u00fcrze zum typischen Krankheitsbild. Ein guter Geh\u00f6rschutz spielt dabei eine wichtige Rolle in der Vermeidung von Geh\u00f6rsch\u00e4den. Bei der Auswahl von Ohrst\u00f6pseln und Co. \u00a0ist dabei vorrangig auf den SNR-Wert (Single Number Rating) zu achten. Dieser beschreibt die Reduzierung des Schallpegels in Dezibel (dB). In Deutschland hat der Arbeitgeber deswegen ab 80 dB Tages-L\u00e4rmexpositionspegel oder 135 dB Spitzenschalldruckpegel Geh\u00f6rschutz bereitzustellen.<\/p><p>Detaillierte Informationen zu Arten von Geh\u00f6rschutz \u00a0und Kennzeichnungen sind demgem\u00e4\u00df bei der Deutschen Gesetzlichen Unfallversicherung e.V. in der DGUV 112-194 zu finden.<\/p><p>Ein weiterer wichtiger Aspekt, in Bezug auf die Auswahl einer Geh\u00f6rschutzma\u00dfnahme, ist au\u00dferdem ein guter Tragekomfort. Je nach Art und Empfinden kann Geh\u00f6rschutz n\u00e4mlich nach l\u00e4ngerem Tragen als st\u00f6rend wahrgenommen werden. Die Bandbreite an Produkten reicht von einfachen Schaumstoffst\u00f6pseln f\u00fcr den einmaligen Gebrauch bis hin zu komplexen ohrumschlie\u00dfenden Kapseln f\u00fcr regelm\u00e4\u00dfige Eins\u00e4tze.<\/p><p>Wir bieten in unserem Sortiment deshalb eine gro\u00dfe Auswahl der g\u00e4ngigsten <a href=\"https:\/\/www.landefeld.de\/gruppe\/de\/gehoerschutzkapseln\/EARP0B\" target=\"_blank\" rel=\"noopener\">Geh\u00f6rschutzprodukte<\/a> an.<\/p>\t\t\t\t\t\t\t\t<\/div>\n\t\t\t\t<\/div>\n\t\t\t\t\t<\/div>\n\t\t\t\t<\/div>\n\t\t<div class=\"elementor-element elementor-element-50705c5 e-flex e-con-boxed e-con e-parent\" data-id=\"50705c5\" data-element_type=\"container\" data-e-type=\"container\">\n\t\t\t\t\t<div class=\"e-con-inner\">\n\t\t<div class=\"elementor-element elementor-element-3e7f444 e-con-full e-flex e-con e-child\" data-id=\"3e7f444\" data-element_type=\"container\" data-e-type=\"container\">\n\t\t\t\t<div class=\"elementor-element elementor-element-3f653a2 elementor-widget elementor-widget-heading\" data-id=\"3f653a2\" data-element_type=\"widget\" data-e-type=\"widget\" data-widget_type=\"heading.default\">\n\t\t\t\t<div class=\"elementor-widget-container\">\n\t\t\t\t\t<h2 class=\"elementor-heading-title elementor-size-default\">Handschuhe<\/h2>\t\t\t\t<\/div>\n\t\t\t\t<\/div>\n\t\t\t\t<\/div>\n\t\t\t\t<div class=\"elementor-element elementor-element-d797286 elementor-widget elementor-widget-text-editor\" data-id=\"d797286\" data-element_type=\"widget\" data-e-type=\"widget\" data-widget_type=\"text-editor.default\">\n\t\t\t\t<div class=\"elementor-widget-container\">\n\t\t\t\t\t\t\t\t\t<p>Unsere H\u00e4nde sind extrem komplexe K\u00f6rperteile, evolutionsbedingt haben sie sich zu perfekten Greifwerkzeugen entwickelt, die im Alltag unverzichtbar sind. Bereits kleinste Verletzungen k\u00f6nnen gro\u00dfen Schaden anrichten und zu Gef\u00fchlsst\u00f6rungen, L\u00e4hmungen oder Bewegungseinschr\u00e4nkungen f\u00fchren. Der Schutz unserer H\u00e4nde besitzt somit eine sehr hohe Priorit\u00e4t. Zu bewerkstelligen ist dieser mit Handschuhen, je nach Arbeitseinsatz muss jedoch ein geeignetes Modell mit passender Schutzfunktion ausgew\u00e4hlt werden.<\/p><p>Grob unterscheidet man zwischen Schutzhandschuhen die gegen Hitze, K\u00e4lte, und Elektrizit\u00e4t sch\u00fctzen sowie gegen biologische und chemische Risiken und nicht zu vergessen gegen physikalische Gef\u00e4hrdungen sch\u00fctzen.<\/p><p>Es gibt keinen Schutzhandschuh, der vor allen Risiken sch\u00fctzt. Je nach Design und Material k\u00f6nnen die unterschiedlichsten Schutzziele erreicht werden. Als Materialien kommen vor allem Kunststoffe (Elastomere, Thermoplaste, Laminate), Gestricke\/Gewebe (auch beschichtet) sowie Leder zum Einsatz.<\/p><p>Handschuhe die als pers\u00f6nliche Schutzausr\u00fcstung dienen, sind nach Norm EN420 mindesten mit folgenden Angaben deutlich erkennbar zu kennzeichnen.<\/p><p>\u2013 Hersteller<br \/>\u2013 Artikelbezeichnung<br \/>\u2013 Gr\u00f6\u00dfenbezeichnung<br \/>\u2013 CE-Kennzeichnung<br \/>\u2013 Piktogramm (ab CE-Kategorie II)<br \/>\u2013 Angabe zum Verfallsdatum (falls erforderlich)<\/p><p>Ist die Kennzeichnung eines Handschuhes mit Hinblick auf die Produkteigenschaften nicht direkt m\u00f6glich, muss diese auf der Verpackung aufgedruckt sein.<\/p>\t\t\t\t\t\t\t\t<\/div>\n\t\t\t\t<\/div>\n\t\t\t\t\t<\/div>\n\t\t\t\t<\/div>\n\t\t<div class=\"elementor-element elementor-element-df83424 e-flex e-con-boxed e-con e-parent\" data-id=\"df83424\" data-element_type=\"container\" data-e-type=\"container\">\n\t\t\t\t\t<div class=\"e-con-inner\">\n\t\t<div class=\"elementor-element elementor-element-b05f7d3 e-con-full e-flex e-con e-child\" data-id=\"b05f7d3\" data-element_type=\"container\" data-e-type=\"container\">\n\t\t\t\t<div class=\"elementor-element elementor-element-068d63a elementor-widget elementor-widget-heading\" data-id=\"068d63a\" data-element_type=\"widget\" data-e-type=\"widget\" data-widget_type=\"heading.default\">\n\t\t\t\t<div class=\"elementor-widget-container\">\n\t\t\t\t\t<h2 class=\"elementor-heading-title elementor-size-default\">CE-Kennzeichnung bei Handschuhen<\/h2>\t\t\t\t<\/div>\n\t\t\t\t<\/div>\n\t\t\t\t<\/div>\n\t\t\t\t<div class=\"elementor-element elementor-element-aa5bc7c elementor-widget elementor-widget-text-editor\" data-id=\"aa5bc7c\" data-element_type=\"widget\" data-e-type=\"widget\" data-widget_type=\"text-editor.default\">\n\t\t\t\t<div class=\"elementor-widget-container\">\n\t\t\t\t\t\t\t\t\t<p>Die CE-Kennzeichnung zeigt das grobe Einsatzgebiet eines Schutzhandschuhes auf.\u00a0 Diese wird in drei Kategorien unterteilt.<\/p><table width=\"799\"><thead><tr><td>Schutzkategorien<\/td><td>Schutzwirkung<\/td><td>Anwendungsbeispiele<\/td><\/tr><\/thead><tbody><tr><td><strong>Kategorie I<\/strong><\/td><td>Schutz vor geringen Risiken<\/td><td>Reinigungsarbeiten mit milden Reinigungsmitteln<br \/>Reparaturarbeiten<br \/>Gartenarbeiten<\/td><\/tr><tr><td><strong>Kategorie II<\/strong><\/td><td>Schutz vor mittleren Risiken<\/td><td>F\u00fcr mechanische Arbeiten<\/td><\/tr><tr><td><strong>Kategorie III<\/strong><\/td><td>Schutz vor hohen Risiken (irreversible Sch\u00e4den und t\u00f6dliche Gefahren)<\/td><td>F\u00fcr den Umgang mit Chemikalien bei extremen Temperaturen<\/td><\/tr><\/tbody><\/table><p>Ab CE-Kategorie II m\u00fcssen Handschuhe ebenfalls \u00fcber ein Piktogramm verf\u00fcgen, diese zeigen auf gegen welche Einwirkung der Schutzhandschuh sch\u00fctzen soll.<\/p>\t\t\t\t\t\t\t\t<\/div>\n\t\t\t\t<\/div>\n\t\t\t\t<div class=\"elementor-element elementor-element-e6cf946 elementor-widget elementor-widget-image\" data-id=\"e6cf946\" data-element_type=\"widget\" data-e-type=\"widget\" data-widget_type=\"image.default\">\n\t\t\t\t<div class=\"elementor-widget-container\">\n\t\t\t\t\t\t\t\t\t\t\t\t\t\t\t\t<a href=\"https:\/\/www.landefeld.de\/magazin\/wp-content\/uploads\/2025\/12\/Piktogramme_Handschuhe-1.jpg\" data-elementor-open-lightbox=\"yes\" data-elementor-lightbox-title=\"Piktogramme_Handschuhe-1\" data-e-action-hash=\"#elementor-action%3Aaction%3Dlightbox%26settings%3DeyJpZCI6MjYwNiwidXJsIjoiaHR0cHM6XC9cL3d3dy5sYW5kZWZlbGQuZGVcL21hZ2F6aW5cL3dwLWNvbnRlbnRcL3VwbG9hZHNcLzIwMjVcLzEyXC9QaWt0b2dyYW1tZV9IYW5kc2NodWhlLTEuanBnIn0%3D\">\n\t\t\t\t\t\t\t<img decoding=\"async\" width=\"600\" height=\"800\" src=\"https:\/\/www.landefeld.de\/magazin\/wp-content\/uploads\/2025\/12\/Piktogramme_Handschuhe-1.jpg\" class=\"attachment-large size-large wp-image-2606\" alt=\"CE-Kennzeichnung bei Handschuhen\" srcset=\"https:\/\/www.landefeld.de\/magazin\/wp-content\/uploads\/2025\/12\/Piktogramme_Handschuhe-1.jpg 600w, https:\/\/www.landefeld.de\/magazin\/wp-content\/uploads\/2025\/12\/Piktogramme_Handschuhe-1-225x300.jpg 225w\" sizes=\"(max-width: 600px) 100vw, 600px\" \/>\t\t\t\t\t\t\t\t<\/a>\n\t\t\t\t\t\t\t\t\t\t\t\t\t\t\t<\/div>\n\t\t\t\t<\/div>\n\t\t\t\t<div class=\"elementor-element elementor-element-042c559 elementor-widget elementor-widget-text-editor\" data-id=\"042c559\" data-element_type=\"widget\" data-e-type=\"widget\" data-widget_type=\"text-editor.default\">\n\t\t\t\t<div class=\"elementor-widget-container\">\n\t\t\t\t\t\t\t\t\t<p>F\u00fcr einige Gef\u00e4hrdungsarten wie z. B. mechanische Risiken, Hitze, K\u00e4lte sowie chemische Gef\u00e4hrdungen werden zus\u00e4tzlich zum Piktogramm noch Ziffern angegeben. Diese geben Aufschluss \u00fcber welches gepr\u00fcfte Leistungsniveau ein Handschuh verf\u00fcgt und gegen was f\u00fcr Anwendungen er im Detail sch\u00fctzt.<\/p><p>Beispiel f\u00fcr ein Piktogramm entsprechend DIN EN 407 \u201eSchutzhandschuhe gegen thermische Risiken (Schutz gegen Hitze und\/oder Flammen)\u201c.<\/p>\t\t\t\t\t\t\t\t<\/div>\n\t\t\t\t<\/div>\n\t\t\t\t<div class=\"elementor-element elementor-element-4e55aa8 elementor-widget elementor-widget-image\" data-id=\"4e55aa8\" data-element_type=\"widget\" data-e-type=\"widget\" data-widget_type=\"image.default\">\n\t\t\t\t<div class=\"elementor-widget-container\">\n\t\t\t\t\t\t\t\t\t\t\t\t\t\t\t\t<a href=\"https:\/\/www.landefeld.de\/magazin\/wp-content\/uploads\/2025\/12\/Screenshot.jpg\" data-elementor-open-lightbox=\"yes\" data-elementor-lightbox-title=\"Arbeitsschutz \u2013 Die Sicherheit am Arbeitsplatz ist wichtig!\" data-e-action-hash=\"#elementor-action%3Aaction%3Dlightbox%26settings%3DeyJpZCI6MjYwNywidXJsIjoiaHR0cHM6XC9cL3d3dy5sYW5kZWZlbGQuZGVcL21hZ2F6aW5cL3dwLWNvbnRlbnRcL3VwbG9hZHNcLzIwMjVcLzEyXC9TY3JlZW5zaG90LmpwZyJ9\">\n\t\t\t\t\t\t\t<img decoding=\"async\" width=\"708\" height=\"216\" src=\"https:\/\/www.landefeld.de\/magazin\/wp-content\/uploads\/2025\/12\/Screenshot.jpg\" class=\"attachment-large size-large wp-image-2607\" alt=\"Arbeitsschutz \u2013 Die Sicherheit am Arbeitsplatz ist wichtig!\" srcset=\"https:\/\/www.landefeld.de\/magazin\/wp-content\/uploads\/2025\/12\/Screenshot.jpg 708w, https:\/\/www.landefeld.de\/magazin\/wp-content\/uploads\/2025\/12\/Screenshot-300x92.jpg 300w\" sizes=\"(max-width: 708px) 100vw, 708px\" \/>\t\t\t\t\t\t\t\t<\/a>\n\t\t\t\t\t\t\t\t\t\t\t\t\t\t\t<\/div>\n\t\t\t\t<\/div>\n\t\t\t\t<div class=\"elementor-element elementor-element-eec2e5b elementor-widget elementor-widget-text-editor\" data-id=\"eec2e5b\" data-element_type=\"widget\" data-e-type=\"widget\" data-widget_type=\"text-editor.default\">\n\t\t\t\t<div class=\"elementor-widget-container\">\n\t\t\t\t\t\t\t\t\t<p>F\u00fcr die Zahlen gilt: Je h\u00f6her, desto besser ist die Schutzfunktion. Steht anstelle einer Zahl ein X in der Reihe, bedeutet das, dass der Handschuh nicht f\u00fcr die entsprechende Anwendung gepr\u00fcft ist.<\/p><p>Detaillierte Informationen zu Arten von Schutzhandschuhen und Kennzeichnungen sind bei der Deutschen Gesetzlichen Unfallversicherung e.V. zu finden (Siehe Benutzung von Schutzhandschuhen,\u00a0 <a href=\"http:\/\/publikationen.dguv.de\/dguv\/pdf\/10002\/R-195.pdf\" target=\"_blank\" rel=\"noopener\">DGUV 112-995<\/a>).<\/p><p>In unserem Sortiment ist eine Vielzahl an <a href=\"https:\/\/www.landefeld.de\/gruppe\/de\/handschuhe-en-420-en-388\/HANDNIT\" target=\"_blank\" rel=\"noopener\">Schutzhandschuhen<\/a> mit unterschiedlichen Schutzfunktionen zu finden.<\/p><p>Arbeitsschutz geht in allen Belangen vor!<\/p>\t\t\t\t\t\t\t\t<\/div>\n\t\t\t\t<\/div>\n\t\t\t\t\t<\/div>\n\t\t\t\t<\/div>\n\t\t\t\t<\/div>\n\t\t","protected":false},"excerpt":{"rendered":"<p>Effizienter Arbeitsschutz und Unfallvermeidung sind in der immer schneller und anspruchsvoller werdenden Arbeitswelt unverzichtbar. Arbeitgeber sind nach dem Arbeitsschutzgesetz (ArbSchG) sowie nach den Unfallverh\u00fctungsvorschriften sogar dazu verpflichtet etwaige Gefahren zu ermitteln und ebenfalls Schutzma\u00dfnahmen zu ergreifen. Deshalb sollte Arbeitsschutz nicht auf die leichte Schulter genommen werden! Augenschutz In vielen Arbeitsst\u00e4tten ist der Augenschutz von besonders [&hellip;]<\/p>\n","protected":false},"author":4,"featured_media":3481,"comment_status":"closed","ping_status":"open","sticky":false,"template":"","format":"standard","meta":{"_acf_changed":false,"footnotes":""},"categories":[1,44],"tags":[],"themenwelt":[13,15],"class_list":["post-2603","post","type-post","status-publish","format-standard","has-post-thumbnail","hentry","category-allgemein","category-wissenswertes","themenwelt-anwendungsbeispiele","themenwelt-schulung-weiterbildung"],"acf":[],"yoast_head":"<!-- This site is optimized with the Yoast SEO Premium plugin v27.0 (Yoast SEO v27.4) - https:\/\/yoast.com\/product\/yoast-seo-premium-wordpress\/ -->\n<title>Arbeitsschutz - Die Sicherheit am Arbeitsplatz ist wichtig! | Landefeld<\/title>\n<meta name=\"description\" content=\"Effizienter Arbeitsschutz und Unfallvermeidung sind in der immer schneller werdenden Arbeitswelt unverzichtbar. Lesen welchen Beitrag wir dazu leisten!\" \/>\n<meta name=\"robots\" content=\"index, follow, max-snippet:-1, max-image-preview:large, max-video-preview:-1\" \/>\n<link rel=\"canonical\" href=\"https:\/\/www.landefeld.de\/magazin\/arbeitsschutz\/\" \/>\n<meta property=\"og:locale\" content=\"de_DE\" \/>\n<meta property=\"og:type\" content=\"article\" \/>\n<meta property=\"og:title\" content=\"Arbeitsschutz - Die Sicherheit am Arbeitsplatz ist wichtig!\" \/>\n<meta property=\"og:description\" content=\"Effizienter Arbeitsschutz und Unfallvermeidung sind in der immer schneller werdenden Arbeitswelt unverzichtbar. Lesen welchen Beitrag wir dazu leisten!\" \/>\n<meta property=\"og:url\" content=\"https:\/\/www.landefeld.de\/magazin\/arbeitsschutz\/\" \/>\n<meta property=\"og:site_name\" content=\"Landefeld.de\" \/>\n<meta property=\"article:publisher\" content=\"https:\/\/www.facebook.com\/landefeld.de\" \/>\n<meta property=\"article:published_time\" content=\"2025-12-10T10:03:37+00:00\" \/>\n<meta property=\"article:modified_time\" content=\"2026-01-05T13:41:52+00:00\" \/>\n<meta property=\"og:image\" content=\"https:\/\/www.landefeld.de\/magazin\/wp-content\/uploads\/2025\/12\/landefeld-magazin-beitragsbild-produkt_Arbeitsschutz-Die-Sicherheit-am-Arbeitsplatz-ist-wichtig.jpg\" \/>\n\t<meta property=\"og:image:width\" content=\"1200\" \/>\n\t<meta property=\"og:image:height\" content=\"800\" \/>\n\t<meta property=\"og:image:type\" content=\"image\/jpeg\" \/>\n<meta name=\"author\" content=\"Anne Marie Schmitz\" \/>\n<meta name=\"twitter:card\" content=\"summary_large_image\" \/>\n<meta name=\"twitter:label1\" content=\"Verfasst von\" \/>\n\t<meta name=\"twitter:data1\" content=\"Anne Marie Schmitz\" \/>\n\t<meta name=\"twitter:label2\" content=\"Gesch\u00e4tzte Lesezeit\" \/>\n\t<meta name=\"twitter:data2\" content=\"6\u00a0Minuten\" \/>\n<script type=\"application\/ld+json\" class=\"yoast-schema-graph\">{\"@context\":\"https:\\\/\\\/schema.org\",\"@graph\":[{\"@type\":\"Article\",\"@id\":\"https:\\\/\\\/www.landefeld.de\\\/magazin\\\/arbeitsschutz\\\/#article\",\"isPartOf\":{\"@id\":\"https:\\\/\\\/www.landefeld.de\\\/magazin\\\/arbeitsschutz\\\/\"},\"author\":{\"name\":\"Anne Marie Schmitz\",\"@id\":\"https:\\\/\\\/www.landefeld.de\\\/magazin\\\/#\\\/schema\\\/person\\\/35683d71a5d303b63e63d1fb959198ba\"},\"headline\":\"Arbeitsschutz &#8211; Die Sicherheit am Arbeitsplatz ist wichtig!\",\"datePublished\":\"2025-12-10T10:03:37+00:00\",\"dateModified\":\"2026-01-05T13:41:52+00:00\",\"mainEntityOfPage\":{\"@id\":\"https:\\\/\\\/www.landefeld.de\\\/magazin\\\/arbeitsschutz\\\/\"},\"wordCount\":858,\"publisher\":{\"@id\":\"https:\\\/\\\/www.landefeld.de\\\/magazin\\\/#organization\"},\"image\":{\"@id\":\"https:\\\/\\\/www.landefeld.de\\\/magazin\\\/arbeitsschutz\\\/#primaryimage\"},\"thumbnailUrl\":\"https:\\\/\\\/www.landefeld.de\\\/magazin\\\/wp-content\\\/uploads\\\/2025\\\/12\\\/landefeld-magazin-beitragsbild-produkt_Arbeitsschutz-Die-Sicherheit-am-Arbeitsplatz-ist-wichtig.jpg\",\"articleSection\":{\"1\":\"Wissenswertes\"},\"inLanguage\":\"de\"},{\"@type\":\"WebPage\",\"@id\":\"https:\\\/\\\/www.landefeld.de\\\/magazin\\\/arbeitsschutz\\\/\",\"url\":\"https:\\\/\\\/www.landefeld.de\\\/magazin\\\/arbeitsschutz\\\/\",\"name\":\"Arbeitsschutz - Die Sicherheit am Arbeitsplatz ist wichtig! | Landefeld\",\"isPartOf\":{\"@id\":\"https:\\\/\\\/www.landefeld.de\\\/magazin\\\/#website\"},\"primaryImageOfPage\":{\"@id\":\"https:\\\/\\\/www.landefeld.de\\\/magazin\\\/arbeitsschutz\\\/#primaryimage\"},\"image\":{\"@id\":\"https:\\\/\\\/www.landefeld.de\\\/magazin\\\/arbeitsschutz\\\/#primaryimage\"},\"thumbnailUrl\":\"https:\\\/\\\/www.landefeld.de\\\/magazin\\\/wp-content\\\/uploads\\\/2025\\\/12\\\/landefeld-magazin-beitragsbild-produkt_Arbeitsschutz-Die-Sicherheit-am-Arbeitsplatz-ist-wichtig.jpg\",\"datePublished\":\"2025-12-10T10:03:37+00:00\",\"dateModified\":\"2026-01-05T13:41:52+00:00\",\"description\":\"Effizienter Arbeitsschutz und Unfallvermeidung sind in der immer schneller werdenden Arbeitswelt unverzichtbar. Lesen welchen Beitrag wir dazu leisten!\",\"breadcrumb\":{\"@id\":\"https:\\\/\\\/www.landefeld.de\\\/magazin\\\/arbeitsschutz\\\/#breadcrumb\"},\"inLanguage\":\"de\",\"potentialAction\":[{\"@type\":\"ReadAction\",\"target\":[\"https:\\\/\\\/www.landefeld.de\\\/magazin\\\/arbeitsschutz\\\/\"]}]},{\"@type\":\"ImageObject\",\"inLanguage\":\"de\",\"@id\":\"https:\\\/\\\/www.landefeld.de\\\/magazin\\\/arbeitsschutz\\\/#primaryimage\",\"url\":\"https:\\\/\\\/www.landefeld.de\\\/magazin\\\/wp-content\\\/uploads\\\/2025\\\/12\\\/landefeld-magazin-beitragsbild-produkt_Arbeitsschutz-Die-Sicherheit-am-Arbeitsplatz-ist-wichtig.jpg\",\"contentUrl\":\"https:\\\/\\\/www.landefeld.de\\\/magazin\\\/wp-content\\\/uploads\\\/2025\\\/12\\\/landefeld-magazin-beitragsbild-produkt_Arbeitsschutz-Die-Sicherheit-am-Arbeitsplatz-ist-wichtig.jpg\",\"width\":1200,\"height\":800,\"caption\":\"Arbeitsschutz - Die Sicherheit am Arbeitsplatz ist wichtig!\"},{\"@type\":\"BreadcrumbList\",\"@id\":\"https:\\\/\\\/www.landefeld.de\\\/magazin\\\/arbeitsschutz\\\/#breadcrumb\",\"itemListElement\":[{\"@type\":\"ListItem\",\"position\":1,\"name\":\"Startseite\",\"item\":\"https:\\\/\\\/www.landefeld.de\\\/magazin\\\/\"},{\"@type\":\"ListItem\",\"position\":2,\"name\":\"Arbeitsschutz &#8211; Die Sicherheit am Arbeitsplatz ist wichtig!\"}]},{\"@type\":\"WebSite\",\"@id\":\"https:\\\/\\\/www.landefeld.de\\\/magazin\\\/#website\",\"url\":\"https:\\\/\\\/www.landefeld.de\\\/magazin\\\/\",\"name\":\"Landefeld Magazin\",\"description\":\"\",\"publisher\":{\"@id\":\"https:\\\/\\\/www.landefeld.de\\\/magazin\\\/#organization\"},\"alternateName\":\"Landefeld\",\"potentialAction\":[{\"@type\":\"SearchAction\",\"target\":{\"@type\":\"EntryPoint\",\"urlTemplate\":\"https:\\\/\\\/www.landefeld.de\\\/magazin\\\/?s={search_term_string}\"},\"query-input\":{\"@type\":\"PropertyValueSpecification\",\"valueRequired\":true,\"valueName\":\"search_term_string\"}}],\"inLanguage\":\"de\"},{\"@type\":\"Organization\",\"@id\":\"https:\\\/\\\/www.landefeld.de\\\/magazin\\\/#organization\",\"name\":\"Landefeld Druckluft und Hydraulik GmbH\",\"alternateName\":\"Landefeld\",\"url\":\"https:\\\/\\\/www.landefeld.de\\\/magazin\\\/\",\"logo\":{\"@type\":\"ImageObject\",\"inLanguage\":\"de\",\"@id\":\"https:\\\/\\\/www.landefeld.de\\\/magazin\\\/#\\\/schema\\\/logo\\\/image\\\/\",\"url\":\"https:\\\/\\\/www.landefeld.de\\\/magazin\\\/wp-content\\\/uploads\\\/2025\\\/07\\\/landefeld-logo-blau.svg\",\"contentUrl\":\"https:\\\/\\\/www.landefeld.de\\\/magazin\\\/wp-content\\\/uploads\\\/2025\\\/07\\\/landefeld-logo-blau.svg\",\"width\":1445,\"height\":249,\"caption\":\"Landefeld Druckluft und Hydraulik GmbH\"},\"image\":{\"@id\":\"https:\\\/\\\/www.landefeld.de\\\/magazin\\\/#\\\/schema\\\/logo\\\/image\\\/\"},\"sameAs\":[\"https:\\\/\\\/www.facebook.com\\\/landefeld.de\",\"https:\\\/\\\/www.instagram.com\\\/landefeld_druckluft_hydraulik\\\/\",\"https:\\\/\\\/www.youtube.com\\\/@landefeld\",\"https:\\\/\\\/de.linkedin.com\\\/company\\\/landefeld-druckluft-und-hydraulik-gmbh\",\"https:\\\/\\\/www.xing.com\\\/pages\\\/landefelddruckluftundhydraulikgmbh\"],\"description\":\"Wir sind der f\u00fchrende, europaweit agierender Lieferant f\u00fcr Komponenten der Pneumatik, Hydraulik und des Industriebedarfs. In praktisch allen technischen Produktionsprozessen sind ein oder mehrere Artikel verbaut, die wir f\u00fcr Sie bevorraten. Als erfahrener Systemlieferant bedienen wir t\u00e4glich eine Vielzahl unterschiedlicher Branchen, Unternehmen und Menschen. Dabei spielt es keine Rolle ob Sie als Gro\u00dfkonzern, mittelst\u00e4ndisches Unternehmen, kleiner Handwerksbetrieb oder als Privatperson Kunde bei uns sind. Wir bieten all unseren Kunden den einzigartigen Landefeld Service!\",\"email\":\"verkauf@landefeld.de\",\"telephone\":\"+49561958859\",\"legalName\":\"Landefeld Druckluft und Hydraulik GmbH\",\"foundingDate\":\"1979-01-01\",\"vatID\":\"DE113078807\",\"numberOfEmployees\":{\"@type\":\"QuantitativeValue\",\"minValue\":\"201\",\"maxValue\":\"500\"}},{\"@type\":\"Person\",\"@id\":\"https:\\\/\\\/www.landefeld.de\\\/magazin\\\/#\\\/schema\\\/person\\\/35683d71a5d303b63e63d1fb959198ba\",\"name\":\"Anne Marie Schmitz\",\"image\":{\"@type\":\"ImageObject\",\"inLanguage\":\"de\",\"@id\":\"https:\\\/\\\/secure.gravatar.com\\\/avatar\\\/a774a67ea56a75d6f05a19acd13c9811b6c699b094d6bf36098beb6e14d411fd?s=96&d=mm&r=g\",\"url\":\"https:\\\/\\\/secure.gravatar.com\\\/avatar\\\/a774a67ea56a75d6f05a19acd13c9811b6c699b094d6bf36098beb6e14d411fd?s=96&d=mm&r=g\",\"contentUrl\":\"https:\\\/\\\/secure.gravatar.com\\\/avatar\\\/a774a67ea56a75d6f05a19acd13c9811b6c699b094d6bf36098beb6e14d411fd?s=96&d=mm&r=g\",\"caption\":\"Anne Marie Schmitz\"},\"url\":\"https:\\\/\\\/www.landefeld.de\\\/magazin\\\/author\\\/annemarie-schmitz\\\/\"}]}<\/script>\n<!-- \/ Yoast SEO Premium plugin. -->","yoast_head_json":{"title":"Arbeitsschutz - Die Sicherheit am Arbeitsplatz ist wichtig! | Landefeld","description":"Effizienter Arbeitsschutz und Unfallvermeidung sind in der immer schneller werdenden Arbeitswelt unverzichtbar. Lesen welchen Beitrag wir dazu leisten!","robots":{"index":"index","follow":"follow","max-snippet":"max-snippet:-1","max-image-preview":"max-image-preview:large","max-video-preview":"max-video-preview:-1"},"canonical":"https:\/\/www.landefeld.de\/magazin\/arbeitsschutz\/","og_locale":"de_DE","og_type":"article","og_title":"Arbeitsschutz - Die Sicherheit am Arbeitsplatz ist wichtig!","og_description":"Effizienter Arbeitsschutz und Unfallvermeidung sind in der immer schneller werdenden Arbeitswelt unverzichtbar. Lesen welchen Beitrag wir dazu leisten!","og_url":"https:\/\/www.landefeld.de\/magazin\/arbeitsschutz\/","og_site_name":"Landefeld.de","article_publisher":"https:\/\/www.facebook.com\/landefeld.de","article_published_time":"2025-12-10T10:03:37+00:00","article_modified_time":"2026-01-05T13:41:52+00:00","og_image":[{"width":1200,"height":800,"url":"https:\/\/www.landefeld.de\/magazin\/wp-content\/uploads\/2025\/12\/landefeld-magazin-beitragsbild-produkt_Arbeitsschutz-Die-Sicherheit-am-Arbeitsplatz-ist-wichtig.jpg","type":"image\/jpeg"}],"author":"Anne Marie Schmitz","twitter_card":"summary_large_image","twitter_misc":{"Verfasst von":"Anne Marie Schmitz","Gesch\u00e4tzte Lesezeit":"6\u00a0Minuten"},"schema":{"@context":"https:\/\/schema.org","@graph":[{"@type":"Article","@id":"https:\/\/www.landefeld.de\/magazin\/arbeitsschutz\/#article","isPartOf":{"@id":"https:\/\/www.landefeld.de\/magazin\/arbeitsschutz\/"},"author":{"name":"Anne Marie Schmitz","@id":"https:\/\/www.landefeld.de\/magazin\/#\/schema\/person\/35683d71a5d303b63e63d1fb959198ba"},"headline":"Arbeitsschutz &#8211; Die Sicherheit am Arbeitsplatz ist wichtig!","datePublished":"2025-12-10T10:03:37+00:00","dateModified":"2026-01-05T13:41:52+00:00","mainEntityOfPage":{"@id":"https:\/\/www.landefeld.de\/magazin\/arbeitsschutz\/"},"wordCount":858,"publisher":{"@id":"https:\/\/www.landefeld.de\/magazin\/#organization"},"image":{"@id":"https:\/\/www.landefeld.de\/magazin\/arbeitsschutz\/#primaryimage"},"thumbnailUrl":"https:\/\/www.landefeld.de\/magazin\/wp-content\/uploads\/2025\/12\/landefeld-magazin-beitragsbild-produkt_Arbeitsschutz-Die-Sicherheit-am-Arbeitsplatz-ist-wichtig.jpg","articleSection":{"1":"Wissenswertes"},"inLanguage":"de"},{"@type":"WebPage","@id":"https:\/\/www.landefeld.de\/magazin\/arbeitsschutz\/","url":"https:\/\/www.landefeld.de\/magazin\/arbeitsschutz\/","name":"Arbeitsschutz - Die Sicherheit am Arbeitsplatz ist wichtig! | Landefeld","isPartOf":{"@id":"https:\/\/www.landefeld.de\/magazin\/#website"},"primaryImageOfPage":{"@id":"https:\/\/www.landefeld.de\/magazin\/arbeitsschutz\/#primaryimage"},"image":{"@id":"https:\/\/www.landefeld.de\/magazin\/arbeitsschutz\/#primaryimage"},"thumbnailUrl":"https:\/\/www.landefeld.de\/magazin\/wp-content\/uploads\/2025\/12\/landefeld-magazin-beitragsbild-produkt_Arbeitsschutz-Die-Sicherheit-am-Arbeitsplatz-ist-wichtig.jpg","datePublished":"2025-12-10T10:03:37+00:00","dateModified":"2026-01-05T13:41:52+00:00","description":"Effizienter Arbeitsschutz und Unfallvermeidung sind in der immer schneller werdenden Arbeitswelt unverzichtbar. Lesen welchen Beitrag wir dazu leisten!","breadcrumb":{"@id":"https:\/\/www.landefeld.de\/magazin\/arbeitsschutz\/#breadcrumb"},"inLanguage":"de","potentialAction":[{"@type":"ReadAction","target":["https:\/\/www.landefeld.de\/magazin\/arbeitsschutz\/"]}]},{"@type":"ImageObject","inLanguage":"de","@id":"https:\/\/www.landefeld.de\/magazin\/arbeitsschutz\/#primaryimage","url":"https:\/\/www.landefeld.de\/magazin\/wp-content\/uploads\/2025\/12\/landefeld-magazin-beitragsbild-produkt_Arbeitsschutz-Die-Sicherheit-am-Arbeitsplatz-ist-wichtig.jpg","contentUrl":"https:\/\/www.landefeld.de\/magazin\/wp-content\/uploads\/2025\/12\/landefeld-magazin-beitragsbild-produkt_Arbeitsschutz-Die-Sicherheit-am-Arbeitsplatz-ist-wichtig.jpg","width":1200,"height":800,"caption":"Arbeitsschutz - Die Sicherheit am Arbeitsplatz ist wichtig!"},{"@type":"BreadcrumbList","@id":"https:\/\/www.landefeld.de\/magazin\/arbeitsschutz\/#breadcrumb","itemListElement":[{"@type":"ListItem","position":1,"name":"Startseite","item":"https:\/\/www.landefeld.de\/magazin\/"},{"@type":"ListItem","position":2,"name":"Arbeitsschutz &#8211; Die Sicherheit am Arbeitsplatz ist wichtig!"}]},{"@type":"WebSite","@id":"https:\/\/www.landefeld.de\/magazin\/#website","url":"https:\/\/www.landefeld.de\/magazin\/","name":"Landefeld Magazin","description":"","publisher":{"@id":"https:\/\/www.landefeld.de\/magazin\/#organization"},"alternateName":"Landefeld","potentialAction":[{"@type":"SearchAction","target":{"@type":"EntryPoint","urlTemplate":"https:\/\/www.landefeld.de\/magazin\/?s={search_term_string}"},"query-input":{"@type":"PropertyValueSpecification","valueRequired":true,"valueName":"search_term_string"}}],"inLanguage":"de"},{"@type":"Organization","@id":"https:\/\/www.landefeld.de\/magazin\/#organization","name":"Landefeld Druckluft und Hydraulik GmbH","alternateName":"Landefeld","url":"https:\/\/www.landefeld.de\/magazin\/","logo":{"@type":"ImageObject","inLanguage":"de","@id":"https:\/\/www.landefeld.de\/magazin\/#\/schema\/logo\/image\/","url":"https:\/\/www.landefeld.de\/magazin\/wp-content\/uploads\/2025\/07\/landefeld-logo-blau.svg","contentUrl":"https:\/\/www.landefeld.de\/magazin\/wp-content\/uploads\/2025\/07\/landefeld-logo-blau.svg","width":1445,"height":249,"caption":"Landefeld Druckluft und Hydraulik GmbH"},"image":{"@id":"https:\/\/www.landefeld.de\/magazin\/#\/schema\/logo\/image\/"},"sameAs":["https:\/\/www.facebook.com\/landefeld.de","https:\/\/www.instagram.com\/landefeld_druckluft_hydraulik\/","https:\/\/www.youtube.com\/@landefeld","https:\/\/de.linkedin.com\/company\/landefeld-druckluft-und-hydraulik-gmbh","https:\/\/www.xing.com\/pages\/landefelddruckluftundhydraulikgmbh"],"description":"Wir sind der f\u00fchrende, europaweit agierender Lieferant f\u00fcr Komponenten der Pneumatik, Hydraulik und des Industriebedarfs. In praktisch allen technischen Produktionsprozessen sind ein oder mehrere Artikel verbaut, die wir f\u00fcr Sie bevorraten. Als erfahrener Systemlieferant bedienen wir t\u00e4glich eine Vielzahl unterschiedlicher Branchen, Unternehmen und Menschen. Dabei spielt es keine Rolle ob Sie als Gro\u00dfkonzern, mittelst\u00e4ndisches Unternehmen, kleiner Handwerksbetrieb oder als Privatperson Kunde bei uns sind. Wir bieten all unseren Kunden den einzigartigen Landefeld Service!","email":"verkauf@landefeld.de","telephone":"+49561958859","legalName":"Landefeld Druckluft und Hydraulik GmbH","foundingDate":"1979-01-01","vatID":"DE113078807","numberOfEmployees":{"@type":"QuantitativeValue","minValue":"201","maxValue":"500"}},{"@type":"Person","@id":"https:\/\/www.landefeld.de\/magazin\/#\/schema\/person\/35683d71a5d303b63e63d1fb959198ba","name":"Anne Marie Schmitz","image":{"@type":"ImageObject","inLanguage":"de","@id":"https:\/\/secure.gravatar.com\/avatar\/a774a67ea56a75d6f05a19acd13c9811b6c699b094d6bf36098beb6e14d411fd?s=96&d=mm&r=g","url":"https:\/\/secure.gravatar.com\/avatar\/a774a67ea56a75d6f05a19acd13c9811b6c699b094d6bf36098beb6e14d411fd?s=96&d=mm&r=g","contentUrl":"https:\/\/secure.gravatar.com\/avatar\/a774a67ea56a75d6f05a19acd13c9811b6c699b094d6bf36098beb6e14d411fd?s=96&d=mm&r=g","caption":"Anne Marie Schmitz"},"url":"https:\/\/www.landefeld.de\/magazin\/author\/annemarie-schmitz\/"}]}},"_links":{"self":[{"href":"https:\/\/www.landefeld.de\/magazin\/wp-json\/wp\/v2\/posts\/2603","targetHints":{"allow":["GET"]}}],"collection":[{"href":"https:\/\/www.landefeld.de\/magazin\/wp-json\/wp\/v2\/posts"}],"about":[{"href":"https:\/\/www.landefeld.de\/magazin\/wp-json\/wp\/v2\/types\/post"}],"author":[{"embeddable":true,"href":"https:\/\/www.landefeld.de\/magazin\/wp-json\/wp\/v2\/users\/4"}],"replies":[{"embeddable":true,"href":"https:\/\/www.landefeld.de\/magazin\/wp-json\/wp\/v2\/comments?post=2603"}],"version-history":[{"count":0,"href":"https:\/\/www.landefeld.de\/magazin\/wp-json\/wp\/v2\/posts\/2603\/revisions"}],"wp:featuredmedia":[{"embeddable":true,"href":"https:\/\/www.landefeld.de\/magazin\/wp-json\/wp\/v2\/media\/3481"}],"wp:attachment":[{"href":"https:\/\/www.landefeld.de\/magazin\/wp-json\/wp\/v2\/media?parent=2603"}],"wp:term":[{"taxonomy":"category","embeddable":true,"href":"https:\/\/www.landefeld.de\/magazin\/wp-json\/wp\/v2\/categories?post=2603"},{"taxonomy":"post_tag","embeddable":true,"href":"https:\/\/www.landefeld.de\/magazin\/wp-json\/wp\/v2\/tags?post=2603"},{"taxonomy":"themenwelt","embeddable":true,"href":"https:\/\/www.landefeld.de\/magazin\/wp-json\/wp\/v2\/themenwelt?post=2603"}],"curies":[{"name":"wp","href":"https:\/\/api.w.org\/{rel}","templated":true}]}}