{"id":2936,"date":"2025-12-18T14:40:44","date_gmt":"2025-12-18T13:40:44","guid":{"rendered":"https:\/\/www.landefeld.de\/magazin\/?p=2936"},"modified":"2026-01-13T12:56:45","modified_gmt":"2026-01-13T11:56:45","slug":"sammelverpackung","status":"publish","type":"post","link":"https:\/\/www.landefeld.de\/magazin\/sammelverpackung\/","title":{"rendered":"Sammelverpackung &#8211; Eine nachhaltige Investition in die Zukunft!"},"content":{"rendered":"\t\t<div data-elementor-type=\"wp-post\" data-elementor-id=\"2936\" class=\"elementor elementor-2936\" data-elementor-settings=\"{&quot;element_pack_global_tooltip_width&quot;:{&quot;unit&quot;:&quot;px&quot;,&quot;size&quot;:&quot;&quot;,&quot;sizes&quot;:[]},&quot;element_pack_global_tooltip_width_laptop&quot;:{&quot;unit&quot;:&quot;px&quot;,&quot;size&quot;:&quot;&quot;,&quot;sizes&quot;:[]},&quot;element_pack_global_tooltip_width_tablet_extra&quot;:{&quot;unit&quot;:&quot;px&quot;,&quot;size&quot;:&quot;&quot;,&quot;sizes&quot;:[]},&quot;element_pack_global_tooltip_width_tablet&quot;:{&quot;unit&quot;:&quot;px&quot;,&quot;size&quot;:&quot;&quot;,&quot;sizes&quot;:[]},&quot;element_pack_global_tooltip_width_mobile_extra&quot;:{&quot;unit&quot;:&quot;px&quot;,&quot;size&quot;:&quot;&quot;,&quot;sizes&quot;:[]},&quot;element_pack_global_tooltip_width_mobile&quot;:{&quot;unit&quot;:&quot;px&quot;,&quot;size&quot;:&quot;&quot;,&quot;sizes&quot;:[]},&quot;element_pack_global_tooltip_padding&quot;:{&quot;unit&quot;:&quot;px&quot;,&quot;top&quot;:&quot;&quot;,&quot;right&quot;:&quot;&quot;,&quot;bottom&quot;:&quot;&quot;,&quot;left&quot;:&quot;&quot;,&quot;isLinked&quot;:true},&quot;element_pack_global_tooltip_padding_laptop&quot;:{&quot;unit&quot;:&quot;px&quot;,&quot;top&quot;:&quot;&quot;,&quot;right&quot;:&quot;&quot;,&quot;bottom&quot;:&quot;&quot;,&quot;left&quot;:&quot;&quot;,&quot;isLinked&quot;:true},&quot;element_pack_global_tooltip_padding_tablet_extra&quot;:{&quot;unit&quot;:&quot;px&quot;,&quot;top&quot;:&quot;&quot;,&quot;right&quot;:&quot;&quot;,&quot;bottom&quot;:&quot;&quot;,&quot;left&quot;:&quot;&quot;,&quot;isLinked&quot;:true},&quot;element_pack_global_tooltip_padding_tablet&quot;:{&quot;unit&quot;:&quot;px&quot;,&quot;top&quot;:&quot;&quot;,&quot;right&quot;:&quot;&quot;,&quot;bottom&quot;:&quot;&quot;,&quot;left&quot;:&quot;&quot;,&quot;isLinked&quot;:true},&quot;element_pack_global_tooltip_padding_mobile_extra&quot;:{&quot;unit&quot;:&quot;px&quot;,&quot;top&quot;:&quot;&quot;,&quot;right&quot;:&quot;&quot;,&quot;bottom&quot;:&quot;&quot;,&quot;left&quot;:&quot;&quot;,&quot;isLinked&quot;:true},&quot;element_pack_global_tooltip_padding_mobile&quot;:{&quot;unit&quot;:&quot;px&quot;,&quot;top&quot;:&quot;&quot;,&quot;right&quot;:&quot;&quot;,&quot;bottom&quot;:&quot;&quot;,&quot;left&quot;:&quot;&quot;,&quot;isLinked&quot;:true},&quot;element_pack_global_tooltip_border_radius&quot;:{&quot;unit&quot;:&quot;px&quot;,&quot;top&quot;:&quot;&quot;,&quot;right&quot;:&quot;&quot;,&quot;bottom&quot;:&quot;&quot;,&quot;left&quot;:&quot;&quot;,&quot;isLinked&quot;:true},&quot;element_pack_global_tooltip_border_radius_laptop&quot;:{&quot;unit&quot;:&quot;px&quot;,&quot;top&quot;:&quot;&quot;,&quot;right&quot;:&quot;&quot;,&quot;bottom&quot;:&quot;&quot;,&quot;left&quot;:&quot;&quot;,&quot;isLinked&quot;:true},&quot;element_pack_global_tooltip_border_radius_tablet_extra&quot;:{&quot;unit&quot;:&quot;px&quot;,&quot;top&quot;:&quot;&quot;,&quot;right&quot;:&quot;&quot;,&quot;bottom&quot;:&quot;&quot;,&quot;left&quot;:&quot;&quot;,&quot;isLinked&quot;:true},&quot;element_pack_global_tooltip_border_radius_tablet&quot;:{&quot;unit&quot;:&quot;px&quot;,&quot;top&quot;:&quot;&quot;,&quot;right&quot;:&quot;&quot;,&quot;bottom&quot;:&quot;&quot;,&quot;left&quot;:&quot;&quot;,&quot;isLinked&quot;:true},&quot;element_pack_global_tooltip_border_radius_mobile_extra&quot;:{&quot;unit&quot;:&quot;px&quot;,&quot;top&quot;:&quot;&quot;,&quot;right&quot;:&quot;&quot;,&quot;bottom&quot;:&quot;&quot;,&quot;left&quot;:&quot;&quot;,&quot;isLinked&quot;:true},&quot;element_pack_global_tooltip_border_radius_mobile&quot;:{&quot;unit&quot;:&quot;px&quot;,&quot;top&quot;:&quot;&quot;,&quot;right&quot;:&quot;&quot;,&quot;bottom&quot;:&quot;&quot;,&quot;left&quot;:&quot;&quot;,&quot;isLinked&quot;:true}}\" data-elementor-post-type=\"post\">\n\t\t\t\t<div class=\"elementor-element elementor-element-d0f1992 e-flex e-con-boxed e-con e-parent\" data-id=\"d0f1992\" data-element_type=\"container\" data-e-type=\"container\">\n\t\t\t\t\t<div class=\"e-con-inner\">\n\t\t\t\t<div class=\"elementor-element elementor-element-473eeb1 elementor-widget elementor-widget-text-editor\" data-id=\"473eeb1\" data-element_type=\"widget\" data-e-type=\"widget\" data-widget_type=\"text-editor.default\">\n\t\t\t\t<div class=\"elementor-widget-container\">\n\t\t\t\t\t\t\t\t\t<p>Der Bedarf an nachhaltigen Verpackungen oder Verpackungsmethoden wird in den kommenden Jahren noch mehr zunehmen. Das Umweltbewusstsein ist mehr als blo\u00df ein Trend und spielt eine wesentliche Rolle bei vielen Kaufentscheidungen. Wir bei Landefeld m\u00f6chten mithilfe von umweltfreundlichen Versandl\u00f6sungen unseren Beitrag dazu leisten, unser aller \u00d6kosysteme zu sch\u00fctzen. Dazu setzen wir auch bei der Umweltfreundlichkeit hohe Standards und entwickeln uns kontinuierlich weiter. Aus diesem Grund m\u00f6chten wir Ihnen jetzt bei unseren Versandarten die M\u00f6glichkeit der Sammelverpackung anbieten. Wie Sie diesen neuen Landefeld Service nutzen k\u00f6nnen, erfahren Sie im folgenden Beitrag!<\/p>\t\t\t\t\t\t\t\t<\/div>\n\t\t\t\t<\/div>\n\t\t\t\t\t<\/div>\n\t\t\t\t<\/div>\n\t\t<div class=\"elementor-element elementor-element-35b1bee8 e-flex e-con-boxed e-con e-parent\" data-id=\"35b1bee8\" data-element_type=\"container\" data-e-type=\"container\">\n\t\t\t\t\t<div class=\"e-con-inner\">\n\t\t<div class=\"elementor-element elementor-element-6c22f742 e-con-full e-flex e-con e-child\" data-id=\"6c22f742\" data-element_type=\"container\" data-e-type=\"container\">\n\t\t\t\t<div class=\"elementor-element elementor-element-2bc33f76 elementor-widget elementor-widget-heading\" data-id=\"2bc33f76\" data-element_type=\"widget\" data-e-type=\"widget\" data-widget_type=\"heading.default\">\n\t\t\t\t<div class=\"elementor-widget-container\">\n\t\t\t\t\t<h2 class=\"elementor-heading-title elementor-size-default\">Warum machen wir das?<\/h2>\t\t\t\t<\/div>\n\t\t\t\t<\/div>\n\t\t\t\t<\/div>\n\t\t\t\t<div class=\"elementor-element elementor-element-6e1e5bb6 elementor-widget elementor-widget-text-editor\" data-id=\"6e1e5bb6\" data-element_type=\"widget\" data-e-type=\"widget\" data-widget_type=\"text-editor.default\">\n\t\t\t\t<div class=\"elementor-widget-container\">\n\t\t\t\t\t\t\t\t\t<p>Ganz einfach&#8230;Der Umwelt zur Liebe! Die Verpackung ist einer der direktesten Wege, unseren Kunden einen Eindruck unseres Unternehmens zu vermitteln . Mit der M\u00f6glichkeit, die Sammelverpackung als Versandart zu nutzen, m\u00f6chten wir zeigen, dass uns die Umwelt am Herzen liegt. Zudem m\u00f6chten wir unsere Kunden f\u00fcr dieses Thema sensibilisieren. Der Kunde selbst entscheidet, ob er die Sammelverpackung in Anspruch nimmt oder nicht. So arbeiten wir Hand in Hand mit unseren Kunden aktiv am Thema Umweltschutz und Nachhaltigkeit!<\/p>\t\t\t\t\t\t\t\t<\/div>\n\t\t\t\t<\/div>\n\t\t\t\t\t<\/div>\n\t\t\t\t<\/div>\n\t\t<div class=\"elementor-element elementor-element-a10cc16 e-flex e-con-boxed e-con e-parent\" data-id=\"a10cc16\" data-element_type=\"container\" data-e-type=\"container\">\n\t\t\t\t\t<div class=\"e-con-inner\">\n\t\t<div class=\"elementor-element elementor-element-498de61 e-con-full e-flex e-con e-child\" data-id=\"498de61\" data-element_type=\"container\" data-e-type=\"container\">\n\t\t\t\t<div class=\"elementor-element elementor-element-f86429e elementor-widget elementor-widget-heading\" data-id=\"f86429e\" data-element_type=\"widget\" data-e-type=\"widget\" data-widget_type=\"heading.default\">\n\t\t\t\t<div class=\"elementor-widget-container\">\n\t\t\t\t\t<h2 class=\"elementor-heading-title elementor-size-default\">Mit nur einem Klick helfen Sie der Umwelt!<\/h2>\t\t\t\t<\/div>\n\t\t\t\t<\/div>\n\t\t\t\t<\/div>\n\t\t\t\t<div class=\"elementor-element elementor-element-b3b4b43 elementor-widget elementor-widget-text-editor\" data-id=\"b3b4b43\" data-element_type=\"widget\" data-e-type=\"widget\" data-widget_type=\"text-editor.default\">\n\t\t\t\t<div class=\"elementor-widget-container\">\n\t\t\t\t\t\t\t\t\t<p>Und so geht&#8217;s&#8230;Einfach im Warenkorb vor dem Kauf den Punkt Sammelverpackung anklicken und den Rest \u00fcbernehmen wir! Bei der Sammelverpackung wird so wenig Verpackungsmaterial wie m\u00f6glich genutzt. Das bedeutet, dass die Artikel nicht mehr einzeln verpackt werden.<\/p>\t\t\t\t\t\t\t\t<\/div>\n\t\t\t\t<\/div>\n\t\t\t\t\t<\/div>\n\t\t\t\t<\/div>\n\t\t<div class=\"elementor-element elementor-element-e2c8149 e-flex e-con-boxed e-con e-parent\" data-id=\"e2c8149\" data-element_type=\"container\" data-e-type=\"container\">\n\t\t\t\t\t<div class=\"e-con-inner\">\n\t\t\t\t<div class=\"elementor-element elementor-element-9bfdd79 elementor-widget elementor-widget-image\" data-id=\"9bfdd79\" data-element_type=\"widget\" data-e-type=\"widget\" data-widget_type=\"image.default\">\n\t\t\t\t<div class=\"elementor-widget-container\">\n\t\t\t\t\t\t\t\t\t\t\t\t\t\t\t<img fetchpriority=\"high\" decoding=\"async\" width=\"800\" height=\"534\" src=\"https:\/\/www.landefeld.de\/magazin\/wp-content\/uploads\/2025\/12\/Sammelverpackung_Warenkorb-1024x683-1.jpg\" class=\"attachment-large size-large wp-image-2942\" alt=\"\" srcset=\"https:\/\/www.landefeld.de\/magazin\/wp-content\/uploads\/2025\/12\/Sammelverpackung_Warenkorb-1024x683-1.jpg 1024w, https:\/\/www.landefeld.de\/magazin\/wp-content\/uploads\/2025\/12\/Sammelverpackung_Warenkorb-1024x683-1-300x200.jpg 300w, https:\/\/www.landefeld.de\/magazin\/wp-content\/uploads\/2025\/12\/Sammelverpackung_Warenkorb-1024x683-1-768x512.jpg 768w\" sizes=\"(max-width: 800px) 100vw, 800px\" \/>\t\t\t\t\t\t\t\t\t\t\t\t\t\t\t<\/div>\n\t\t\t\t<\/div>\n\t\t\t\t\t<\/div>\n\t\t\t\t<\/div>\n\t\t<div class=\"elementor-element elementor-element-410f895b e-flex e-con-boxed e-con e-parent\" data-id=\"410f895b\" data-element_type=\"container\" data-e-type=\"container\">\n\t\t\t\t\t<div class=\"e-con-inner\">\n\t\t<div class=\"elementor-element elementor-element-20100b46 e-con-full e-flex e-con e-child\" data-id=\"20100b46\" data-element_type=\"container\" data-e-type=\"container\" data-settings=\"{&quot;background_background&quot;:&quot;classic&quot;}\">\n\t\t\t\t<div class=\"elementor-element elementor-element-994b18c elementor-widget elementor-widget-image\" data-id=\"994b18c\" data-element_type=\"widget\" data-e-type=\"widget\" data-widget_type=\"image.default\">\n\t\t\t\t<div class=\"elementor-widget-container\">\n\t\t\t\t\t\t\t\t\t\t\t\t\t\t\t<img decoding=\"async\" width=\"600\" height=\"400\" src=\"https:\/\/www.landefeld.de\/magazin\/wp-content\/uploads\/2025\/12\/Sammelverpackung_klein-1.jpg\" class=\"attachment-full size-full wp-image-2941\" alt=\"\" srcset=\"https:\/\/www.landefeld.de\/magazin\/wp-content\/uploads\/2025\/12\/Sammelverpackung_klein-1.jpg 600w, https:\/\/www.landefeld.de\/magazin\/wp-content\/uploads\/2025\/12\/Sammelverpackung_klein-1-300x200.jpg 300w\" sizes=\"(max-width: 600px) 100vw, 600px\" \/>\t\t\t\t\t\t\t\t\t\t\t\t\t\t\t<\/div>\n\t\t\t\t<\/div>\n\t\t<div class=\"elementor-element elementor-element-6177f51b e-con-full e-flex e-con e-child\" data-id=\"6177f51b\" data-element_type=\"container\" data-e-type=\"container\" data-settings=\"{&quot;background_background&quot;:&quot;classic&quot;}\">\n\t\t\t\t<div class=\"elementor-element elementor-element-1d7b6f87 elementor-widget elementor-widget-text-editor\" data-id=\"1d7b6f87\" data-element_type=\"widget\" data-e-type=\"widget\" data-widget_type=\"text-editor.default\">\n\t\t\t\t<div class=\"elementor-widget-container\">\n\t\t\t\t\t\t\t\t\t<p>Wir verteilen Ihre Bestellung auf so wenig Kunststoff-Beutel wie m\u00f6glich. Selbstverst\u00e4ndlich sind diese Beutel aus recyclebarem Material. Bei aktivierter Sammelverpackung werden alle Artikel in recyceltem PE eingeschwei\u00dft. Wir kleben die Artikellabel der Artikel in dieser T\u00fcte auf den Beutel. So ist sichergestellt, dass Sie und Ihre Kunden den T\u00fcteninhalt zuordnen k\u00f6nnen.<\/p>\t\t\t\t\t\t\t\t<\/div>\n\t\t\t\t<\/div>\n\t\t\t\t<\/div>\n\t\t\t\t<\/div>\n\t\t\t\t\t<\/div>\n\t\t\t\t<\/div>\n\t\t<div class=\"elementor-element elementor-element-639f3517 e-flex e-con-boxed e-con e-parent\" data-id=\"639f3517\" data-element_type=\"container\" data-e-type=\"container\">\n\t\t\t\t\t<div class=\"e-con-inner\">\n\t\t<div class=\"elementor-element elementor-element-6397ee37 e-con-full e-flex e-con e-child\" data-id=\"6397ee37\" data-element_type=\"container\" data-e-type=\"container\">\n\t\t\t\t<div class=\"elementor-element elementor-element-4c4fe1aa elementor-widget elementor-widget-heading\" data-id=\"4c4fe1aa\" data-element_type=\"widget\" data-e-type=\"widget\" data-widget_type=\"heading.default\">\n\t\t\t\t<div class=\"elementor-widget-container\">\n\t\t\t\t\t<h2 class=\"elementor-heading-title elementor-size-default\">Nachhaltigkeitsstrategien sind bei uns fest verankert!<\/h2>\t\t\t\t<\/div>\n\t\t\t\t<\/div>\n\t\t\t\t<\/div>\n\t\t\t\t<div class=\"elementor-element elementor-element-7b9bc983 elementor-widget elementor-widget-text-editor\" data-id=\"7b9bc983\" data-element_type=\"widget\" data-e-type=\"widget\" data-widget_type=\"text-editor.default\">\n\t\t\t\t<div class=\"elementor-widget-container\">\n\t\t\t\t\t\t\t\t\t<p>Nachhaltigkeitsstrategien in Bezug auf unsere Umwelt geh\u00f6ren f\u00fcr Unternehmen heute ganz selbstverst\u00e4ndlich zum t\u00e4glichen Gesch\u00e4ft. Wo fr\u00fcher die Nachhaltigkeit eher ein Nebenschauplatz war, ist sie mittlerweile unabdingbar, fest verankert und spielt eine wichtige Rolle. So auch bei uns! In allen m\u00f6glichen Bereichen unseres Unternehmens setzen wir nachhaltiges Handeln um!<\/p>\t\t\t\t\t\t\t\t<\/div>\n\t\t\t\t<\/div>\n\t\t\t\t\t<\/div>\n\t\t\t\t<\/div>\n\t\t<div class=\"elementor-element elementor-element-2b80a79 e-flex e-con-boxed e-con e-parent\" data-id=\"2b80a79\" data-element_type=\"container\" data-e-type=\"container\">\n\t\t\t\t\t<div class=\"e-con-inner\">\n\t\t\t\t<div class=\"elementor-element elementor-element-ffe5058 elementor-widget elementor-widget-image\" data-id=\"ffe5058\" data-element_type=\"widget\" data-e-type=\"widget\" data-widget_type=\"image.default\">\n\t\t\t\t<div class=\"elementor-widget-container\">\n\t\t\t\t\t\t\t\t\t\t\t\t\t\t\t<img decoding=\"async\" width=\"800\" height=\"571\" src=\"https:\/\/www.landefeld.de\/magazin\/wp-content\/uploads\/2025\/12\/Collage_1-1024x731-1.jpg\" class=\"attachment-large size-large wp-image-2939\" alt=\"\" srcset=\"https:\/\/www.landefeld.de\/magazin\/wp-content\/uploads\/2025\/12\/Collage_1-1024x731-1.jpg 1024w, https:\/\/www.landefeld.de\/magazin\/wp-content\/uploads\/2025\/12\/Collage_1-1024x731-1-300x214.jpg 300w, https:\/\/www.landefeld.de\/magazin\/wp-content\/uploads\/2025\/12\/Collage_1-1024x731-1-768x548.jpg 768w\" sizes=\"(max-width: 800px) 100vw, 800px\" \/>\t\t\t\t\t\t\t\t\t\t\t\t\t\t\t<\/div>\n\t\t\t\t<\/div>\n\t\t\t\t\t<\/div>\n\t\t\t\t<\/div>\n\t\t<div class=\"elementor-element elementor-element-7645b08a e-flex e-con-boxed e-con e-parent\" data-id=\"7645b08a\" data-element_type=\"container\" data-e-type=\"container\">\n\t\t\t\t\t<div class=\"e-con-inner\">\n\t\t<div class=\"elementor-element elementor-element-63753dfe e-con-full e-flex e-con e-child\" data-id=\"63753dfe\" data-element_type=\"container\" data-e-type=\"container\">\n\t\t\t\t<div class=\"elementor-element elementor-element-625068ac elementor-widget elementor-widget-heading\" data-id=\"625068ac\" data-element_type=\"widget\" data-e-type=\"widget\" data-widget_type=\"heading.default\">\n\t\t\t\t<div class=\"elementor-widget-container\">\n\t\t\t\t\t<h2 class=\"elementor-heading-title elementor-size-default\">Wir als Unternehmen haben bereits eine Reihe von Ma\u00dfnahmen ergriffen!<\/h2>\t\t\t\t<\/div>\n\t\t\t\t<\/div>\n\t\t\t\t<\/div>\n\t\t\t\t<div class=\"elementor-element elementor-element-5c1deeb elementor-widget elementor-widget-text-editor\" data-id=\"5c1deeb\" data-element_type=\"widget\" data-e-type=\"widget\" data-widget_type=\"text-editor.default\">\n\t\t\t\t<div class=\"elementor-widget-container\">\n\t\t\t\t\t\t\t\t\t<p><\/p><p>Zum Beispiel erzeugen wir unseren Strom \u00fcber Solaranlagen. Die Photovoltaik-Module befinden sich auf der gesamten Dachfl\u00e4che (18.000qm) unserer Unternehmensgeb\u00e4ude und sind seit 2011 in Betrieb. Insgesamt haben sie eine Leistung von 500 kWp (Kilowatt Peak) und erm\u00f6glichen uns so, den Gro\u00dfteil unseres Strombedarfes selbst abzudecken. Dadurch vermeiden wir in etwa 45 Tonnen CO<sub>2<\/sub>. Um unn\u00f6tigen Energieverbrauch weiter zu senken, haben wir zudem die Beleuchtung in unseren B\u00fcro- und Lagerr\u00e4umen auf sparsame LED-Technik umgestellt und an Bewegungsmelder gekoppelt.<\/p><p> <\/p><p>Wir setzen uns f\u00fcr den Klimaschutz in jeder Hinsicht ein und haben diesen mit solchen Ma\u00dfnahmen fest in unsere Gesch\u00e4ftsstrategie integriert. Solche Schritte sind jedoch nicht nur f\u00fcr Natur und Umwelt wichtig und von Vorteil. Auch f\u00fcr uns bieten sich Vorteile wie zum Beispiel bei den anfallenden Kosten, dem Kundenzulauf und dem Ansehen in der Gesellschaft.<\/p><p><\/p>\t\t\t\t\t\t\t\t<\/div>\n\t\t\t\t<\/div>\n\t\t\t\t\t<\/div>\n\t\t\t\t<\/div>\n\t\t<div class=\"elementor-element elementor-element-b3a8bdb e-flex e-con-boxed e-con e-parent\" data-id=\"b3a8bdb\" data-element_type=\"container\" data-e-type=\"container\">\n\t\t\t\t\t<div class=\"e-con-inner\">\n\t\t<div class=\"elementor-element elementor-element-c0e39ff e-con-full e-flex e-con e-child\" data-id=\"c0e39ff\" data-element_type=\"container\" data-e-type=\"container\">\n\t\t\t\t<div class=\"elementor-element elementor-element-34fd35c elementor-widget elementor-widget-heading\" data-id=\"34fd35c\" data-element_type=\"widget\" data-e-type=\"widget\" data-widget_type=\"heading.default\">\n\t\t\t\t<div class=\"elementor-widget-container\">\n\t\t\t\t\t<h2 class=\"elementor-heading-title elementor-size-default\">Verpackungsmaterialien und Kartonagen sind bei uns jeher ein gro\u00dfes Thema!<\/h2>\t\t\t\t<\/div>\n\t\t\t\t<\/div>\n\t\t\t\t<\/div>\n\t\t\t\t<div class=\"elementor-element elementor-element-720ef5f elementor-widget elementor-widget-text-editor\" data-id=\"720ef5f\" data-element_type=\"widget\" data-e-type=\"widget\" data-widget_type=\"text-editor.default\">\n\t\t\t\t<div class=\"elementor-widget-container\">\n\t\t\t\t\t\t\t\t\t<p>Wir sind schon immer bestrebt, unsere Waren \u00f6kologisch und \u00f6konomisch sinnvoll, sowie mit der gewohnten \u201eLandefeld-Qualit\u00e4t\u201c zu versenden.<\/p><p>\u00a0<\/p><p>Seit unserer Gr\u00fcndung im Jahr 1979 haben wir immer darauf geachtet Kartons unserer Vorlieferanten, soweit die Beschaffenheit es zugelassen hat, f\u00fcr unsere Transporte zu benutzen. Das haben wir bis heute beibehalten. Durch diese Methode vermeiden wir 50 \u2013 70 % des Verpackungsm\u00fclls anderer Versender. Auch bei dem Versand von Neukartons achten wir auf Nachhaltigkeit. Denn unsere Kartonage besteht aus recycelbarem Material. Dem sogenannten RESY-konformen Material. Damit garantieren wir die problemlose Entsorgung, sowie die stoffliche Wiederverwertbarkeit.<\/p><p>\u00a0<\/p><p>Au\u00dferdem achten wir bei unseren Kunststoff-Beuteln darauf, dass diese sowohl die Umwelt als auch die Ressourcen schonen. Deswegen bestehen sie aus recyceltem Polyethylen (PE). Die Beutel werden aus einem Anteil von 80 % Regranulat hergestellt. Die PE-Beutel sind zu 100 % recycelbar und k\u00f6nnen r\u00fcckstandslos thermisch wiederverwendet werden.<\/p><p>\u00a0<\/p><p>Ebenso klimafreundlich ist die Luftpolsterfolie die wir nutzen. Denn sie kann problemlos von unseren Kunden zum weiteren Versand genutzt werden, da die Luftf\u00fcllung \u00fcber Monate erhalten bleibt. Durch das geringe Gewicht werden Transportkosten und so der CO<sub>2<\/sub> Aussto\u00df verringert.<\/p><p>\u00a0<\/p><p>Sowohl die Luftpolsterfolie, als auch unsere PE-Beutel werden von den Herstellern mit der Umwelt-zertifizierung gem. ISO 14001:2015 produziert. Das verwendete Material ist konform zur Verordnung (EG) REACH 1907\/2006.<\/p><p>\u00a0<\/p><p>Das gilt auch und vor allem beim Versand und den dazugeh\u00f6rigen Verpackungen. Denn wir als Unternehmen haben durch unser Handeln einen direkten Einfluss auf Probleme wie beispielsweise Ressourcenknappheit, Klimaerw\u00e4rmung oder Umweltverschmutzung.<\/p><p>\u00a0<\/p><p><!-- \/wp:paragraph --><\/p>\t\t\t\t\t\t\t\t<\/div>\n\t\t\t\t<\/div>\n\t\t\t\t\t<\/div>\n\t\t\t\t<\/div>\n\t\t<div class=\"elementor-element elementor-element-c0bd527 e-flex e-con-boxed e-con e-parent\" data-id=\"c0bd527\" data-element_type=\"container\" data-e-type=\"container\">\n\t\t\t\t\t<div class=\"e-con-inner\">\n\t\t<div class=\"elementor-element elementor-element-21094a0 e-con-full e-flex e-con e-child\" data-id=\"21094a0\" data-element_type=\"container\" data-e-type=\"container\">\n\t\t\t\t<div class=\"elementor-element elementor-element-62461ee elementor-widget elementor-widget-heading\" data-id=\"62461ee\" data-element_type=\"widget\" data-e-type=\"widget\" data-widget_type=\"heading.default\">\n\t\t\t\t<div class=\"elementor-widget-container\">\n\t\t\t\t\t<h2 class=\"elementor-heading-title elementor-size-default\">Verantwortung \u00fcbernehmen!<\/h2>\t\t\t\t<\/div>\n\t\t\t\t<\/div>\n\t\t\t\t<\/div>\n\t\t\t\t<div class=\"elementor-element elementor-element-44e347a elementor-widget elementor-widget-text-editor\" data-id=\"44e347a\" data-element_type=\"widget\" data-e-type=\"widget\" data-widget_type=\"text-editor.default\">\n\t\t\t\t<div class=\"elementor-widget-container\">\n\t\t\t\t\t\t\t\t\t<p>Der verantwortungsbewusste Umgang mit Energie, Nahrung und Umwelt bietet die gr\u00f6\u00dften Chancen f\u00fcr jeden Einzelnen, zukunftsorientiert zu handeln. Bislang wird die Verantwortung f\u00fcr einen Lebensstil, der weniger Ressourcen verbraucht, noch viel zu oft als eine rein pers\u00f6nliche Entscheidung angesehen. Doch genau hier sind wir alle gefragt, einen Rahmen f\u00fcr nachhaltige Lebensstile zu setzen, damit unser Zukunftsbild Realit\u00e4t werden kann: Eine intakte Umwelt, die Bewahrung der biologischen Vielfalt, wenig Ressourcenverbrauch und eine hohe Lebensqualit\u00e4t f\u00fcr alle.<\/p><p><!-- \/wp:paragraph --><\/p><p><!-- \/wp:paragraph --><\/p>\t\t\t\t\t\t\t\t<\/div>\n\t\t\t\t<\/div>\n\t\t\t\t\t<\/div>\n\t\t\t\t<\/div>\n\t\t<div class=\"elementor-element elementor-element-546312f e-flex e-con-boxed e-con e-parent\" data-id=\"546312f\" data-element_type=\"container\" data-e-type=\"container\">\n\t\t\t\t\t<div class=\"e-con-inner\">\n\t\t\t\t<div class=\"elementor-element elementor-element-0bacb7e elementor-widget elementor-widget-image\" data-id=\"0bacb7e\" data-element_type=\"widget\" data-e-type=\"widget\" data-widget_type=\"image.default\">\n\t\t\t\t<div class=\"elementor-widget-container\">\n\t\t\t\t\t\t\t\t\t\t\t\t\t\t\t<img loading=\"lazy\" decoding=\"async\" width=\"800\" height=\"534\" src=\"https:\/\/www.landefeld.de\/magazin\/wp-content\/uploads\/2025\/12\/Wirhandeln_NEU-1-1024x683-1.jpg\" class=\"attachment-large size-large wp-image-2944\" alt=\"Wir handeln nachhaltig als gr\u00fcner Text\" srcset=\"https:\/\/www.landefeld.de\/magazin\/wp-content\/uploads\/2025\/12\/Wirhandeln_NEU-1-1024x683-1.jpg 1024w, https:\/\/www.landefeld.de\/magazin\/wp-content\/uploads\/2025\/12\/Wirhandeln_NEU-1-1024x683-1-300x200.jpg 300w, https:\/\/www.landefeld.de\/magazin\/wp-content\/uploads\/2025\/12\/Wirhandeln_NEU-1-1024x683-1-768x512.jpg 768w\" sizes=\"(max-width: 800px) 100vw, 800px\" \/>\t\t\t\t\t\t\t\t\t\t\t\t\t\t\t<\/div>\n\t\t\t\t<\/div>\n\t\t\t\t\t<\/div>\n\t\t\t\t<\/div>\n\t\t<div class=\"elementor-element elementor-element-7471d2b1 e-flex e-con-boxed e-con e-parent\" data-id=\"7471d2b1\" data-element_type=\"container\" data-e-type=\"container\">\n\t\t\t\t\t<div class=\"e-con-inner\">\n\t\t<div class=\"elementor-element elementor-element-54992b69 e-con-full e-flex e-con e-child\" data-id=\"54992b69\" data-element_type=\"container\" data-e-type=\"container\">\n\t\t\t\t<div class=\"elementor-element elementor-element-64961f44 elementor-widget elementor-widget-heading\" data-id=\"64961f44\" data-element_type=\"widget\" data-e-type=\"widget\" data-widget_type=\"heading.default\">\n\t\t\t\t<div class=\"elementor-widget-container\">\n\t\t\t\t\t<h2 class=\"elementor-heading-title elementor-size-default\">Umweltfreundliche Versandl\u00f6sungen sind heute ein MUSS!<\/h2>\t\t\t\t<\/div>\n\t\t\t\t<\/div>\n\t\t\t\t<\/div>\n\t\t\t\t<div class=\"elementor-element elementor-element-1af3fc16 elementor-widget elementor-widget-text-editor\" data-id=\"1af3fc16\" data-element_type=\"widget\" data-e-type=\"widget\" data-widget_type=\"text-editor.default\">\n\t\t\t\t<div class=\"elementor-widget-container\">\n\t\t\t\t\t\t\t\t\t<p>Nicht nur die Umwelt w\u00fcnscht sich einen freundlicheren Umgang mit ihren Ressourcen und unseren Abf\u00e4llen, die beim Verpacken und Versenden entstehen. Auch immer mehr Kunden von Online-Shops legen Wert darauf, dass ihre bestellte Ware umweltfreundlich bei ihnen ankommt. Als ein versandfreudiges Unternehmen ist es unser Ziel aus Umwelt- und Kundensicht, uns um nachhaltige Versandmethoden zu k\u00fcmmern. Dazu geh\u00f6rt unter anderem die Sammelverpackung!<\/p><p>Wir als Unternehmen m\u00f6chten ein gr\u00fcneres Versandverhalten erreichen und gleichzeitig unsere Kunden und Partner dadurch inspirieren. Denn schon mit einem geringem Aufwand k\u00f6nnen Ressourcen geschont, sowie Abf\u00e4lle vermieden und die Versandl\u00f6sungen wie zum Beispiel mit unserer Sammelverpackung umweltfreundlicher gestaltet werden.<\/p>\t\t\t\t\t\t\t\t<\/div>\n\t\t\t\t<\/div>\n\t\t\t\t\t<\/div>\n\t\t\t\t<\/div>\n\t\t<div class=\"elementor-element elementor-element-563d2d9 e-flex e-con-boxed e-con e-parent\" data-id=\"563d2d9\" data-element_type=\"container\" data-e-type=\"container\">\n\t\t\t\t\t<div class=\"e-con-inner\">\n\t\t<div class=\"elementor-element elementor-element-e529e86 e-con-full e-flex e-con e-child\" data-id=\"e529e86\" data-element_type=\"container\" data-e-type=\"container\">\n\t\t\t\t<div class=\"elementor-element elementor-element-87506ad elementor-widget elementor-widget-heading\" data-id=\"87506ad\" data-element_type=\"widget\" data-e-type=\"widget\" data-widget_type=\"heading.default\">\n\t\t\t\t<div class=\"elementor-widget-container\">\n\t\t\t\t\t<h2 class=\"elementor-heading-title elementor-size-default\">Nicht nur nachhaltig verpacken, sondern auch versenden!<\/h2>\t\t\t\t<\/div>\n\t\t\t\t<\/div>\n\t\t\t\t<\/div>\n\t\t\t\t<div class=\"elementor-element elementor-element-741800f elementor-widget elementor-widget-text-editor\" data-id=\"741800f\" data-element_type=\"widget\" data-e-type=\"widget\" data-widget_type=\"text-editor.default\">\n\t\t\t\t<div class=\"elementor-widget-container\">\n\t\t\t\t\t\t\t\t\t<p>Als international t\u00e4tiger und f\u00fchrender Grosshandel f\u00fcr Pneumatik, Hydraulik und Industriebedarf ist der Versand unserer Artikel ein wesentlicher Bestandteil unserer t\u00e4glichen Arbeit. Dieser Umstand bedeutet Verantwortung gegen\u00fcber der Umwelt und Gesellschaft gleicherma\u00dfen. Eine Verantwortung, der wir uns gerne stellen.<\/p><p>Aus diesem Grund legen wir nicht nur gro\u00dfen Wert auf Nachhaltigkeit bei unseren Verpackungen, sondern auch auf deren Versand. Gerade deswegen sind wir froh, mit GLS einen Versandpartner zu haben der genauso wie wir, gr\u00f6\u00dften Wert auf einen nachhaltigen Versand legt. Gemeinsam setzen wir uns aktiv f\u00fcr eine m\u00f6glichst geringe Umweltbelastung ein!<\/p>\t\t\t\t\t\t\t\t<\/div>\n\t\t\t\t<\/div>\n\t\t\t\t\t<\/div>\n\t\t\t\t<\/div>\n\t\t<div class=\"elementor-element elementor-element-948f4cb e-flex e-con-boxed e-con e-parent\" data-id=\"948f4cb\" data-element_type=\"container\" data-e-type=\"container\">\n\t\t\t\t\t<div class=\"e-con-inner\">\n\t\t\t\t<div class=\"elementor-element elementor-element-8007937 elementor-widget elementor-widget-image\" data-id=\"8007937\" data-element_type=\"widget\" data-e-type=\"widget\" data-widget_type=\"image.default\">\n\t\t\t\t<div class=\"elementor-widget-container\">\n\t\t\t\t\t\t\t\t\t\t\t\t\t\t\t<img loading=\"lazy\" decoding=\"async\" width=\"800\" height=\"533\" src=\"https:\/\/www.landefeld.de\/magazin\/wp-content\/uploads\/2025\/12\/klimaversand.jpg\" class=\"attachment-large size-large wp-image-2940\" alt=\"\" srcset=\"https:\/\/www.landefeld.de\/magazin\/wp-content\/uploads\/2025\/12\/klimaversand.jpg 1017w, https:\/\/www.landefeld.de\/magazin\/wp-content\/uploads\/2025\/12\/klimaversand-300x200.jpg 300w, https:\/\/www.landefeld.de\/magazin\/wp-content\/uploads\/2025\/12\/klimaversand-768x512.jpg 768w\" sizes=\"(max-width: 800px) 100vw, 800px\" \/>\t\t\t\t\t\t\t\t\t\t\t\t\t\t\t<\/div>\n\t\t\t\t<\/div>\n\t\t\t\t\t<\/div>\n\t\t\t\t<\/div>\n\t\t<div class=\"elementor-element elementor-element-24217f55 e-flex e-con-boxed e-con e-parent\" data-id=\"24217f55\" data-element_type=\"container\" data-e-type=\"container\">\n\t\t\t\t\t<div class=\"e-con-inner\">\n\t\t<div class=\"elementor-element elementor-element-643bb6c9 e-con-full e-flex e-con e-child\" data-id=\"643bb6c9\" data-element_type=\"container\" data-e-type=\"container\">\n\t\t\t\t<div class=\"elementor-element elementor-element-19b0ec58 elementor-widget elementor-widget-heading\" data-id=\"19b0ec58\" data-element_type=\"widget\" data-e-type=\"widget\" data-widget_type=\"heading.default\">\n\t\t\t\t<div class=\"elementor-widget-container\">\n\t\t\t\t\t<h2 class=\"elementor-heading-title elementor-size-default\">Nachhaltig Leben und Arbeiten ist uns wichtig!<\/h2>\t\t\t\t<\/div>\n\t\t\t\t<\/div>\n\t\t\t\t<\/div>\n\t\t\t\t<div class=\"elementor-element elementor-element-781a554a elementor-widget elementor-widget-text-editor\" data-id=\"781a554a\" data-element_type=\"widget\" data-e-type=\"widget\" data-widget_type=\"text-editor.default\">\n\t\t\t\t<div class=\"elementor-widget-container\">\n\t\t\t\t\t\t\t\t\t<p>Ziel des nachhaltigen Handelns ist es, langfristig zu denken und \u00f6konomische sowie \u00f6kologische L\u00f6sungen zu schaffen, die auch f\u00fcr k\u00fcnftige Generationen von Vorteil sind. Nachhaltiges Leben und Arbeiten beschreibt den weitsichtigen und r\u00fccksichtsvollen Umgang mit nat\u00fcrlichen Ressourcen. Jeder Einzelne kann sich in seinem unmittelbaren Lebensumfeld nachhaltig verhalten &#8211; und bereits mit einfachen Mitteln einen aktiven Beitrag zum Klima- und Umweltschutz leisten.<\/p><p>Genau dieses haben wir uns bei Landefeld auf die Fahnen geschrieben. Mit vielen kleinen und auch gr\u00f6\u00dferen Beitr\u00e4gen wollen wir voran gehen, ein gutes Beispiel abgeben, andere inspirieren, sensibilisieren und auf diesen Weg mitnehmen.<\/p>\t\t\t\t\t\t\t\t<\/div>\n\t\t\t\t<\/div>\n\t\t\t\t\t<\/div>\n\t\t\t\t<\/div>\n\t\t<div class=\"elementor-element elementor-element-cfed371 e-flex e-con-boxed e-con e-parent\" data-id=\"cfed371\" data-element_type=\"container\" data-e-type=\"container\">\n\t\t\t\t\t<div class=\"e-con-inner\">\n\t\t<div class=\"elementor-element elementor-element-9ebce5a e-con-full e-flex e-con e-child\" data-id=\"9ebce5a\" data-element_type=\"container\" data-e-type=\"container\">\n\t\t\t\t<div class=\"elementor-element elementor-element-554cdd0 elementor-widget elementor-widget-heading\" data-id=\"554cdd0\" data-element_type=\"widget\" data-e-type=\"widget\" data-widget_type=\"heading.default\">\n\t\t\t\t<div class=\"elementor-widget-container\">\n\t\t\t\t\t<h2 class=\"elementor-heading-title elementor-size-default\">Lesen Sie hier weitere interessante Beitr\u00e4ge zu diesem Thema:<\/h2>\t\t\t\t<\/div>\n\t\t\t\t<\/div>\n\t\t\t\t<\/div>\n\t\t\t\t<div class=\"elementor-element elementor-element-4791d9f elementor-widget elementor-widget-text-editor\" data-id=\"4791d9f\" data-element_type=\"widget\" data-e-type=\"widget\" data-widget_type=\"text-editor.default\">\n\t\t\t\t<div class=\"elementor-widget-container\">\n\t\t\t\t\t\t\t\t\t<!-- wp:list --><ul class=\"wp-block-list\"><!-- wp:list-item --><li><a href=\"https:\/\/www.landefeld.de\/blog\/klimaschutz-und-nachhaltigkeit-liegen-uns-am-herzen\/\" target=\"_blank\" rel=\"noreferrer noopener\">Klimaschutz und Nachhaltigkeit liegen uns am Herzen!<\/a><\/li><!-- \/wp:list-item --> <!-- wp:list-item --><li><a href=\"https:\/\/www.landefeld.de\/blog\/umweltschutz\/\" target=\"_blank\" rel=\"noreferrer noopener\">Umweltschutz wird bei Landefeld gro\u00df geschrieben!<\/a><\/li><!-- \/wp:list-item --> <!-- wp:list-item --><li><a href=\"https:\/\/www.landefeld.de\/blog\/jobticket\/\" target=\"_blank\" rel=\"noreferrer noopener\">Jobticket f\u00fcr Landefeld Mitarbeiter &#8211; stressfrei zum Arbeitsplatz!<\/a><\/li><!-- \/wp:list-item --> <!-- wp:list-item --><li><a href=\"https:\/\/www.landefeld.de\/blog\/living-wall\/\" target=\"_blank\" rel=\"noreferrer noopener\">Living Wall &#8211; Sch\u00f6ner Arbeiten bei Landefeld!<\/a><\/li><!-- \/wp:list-item --><\/ul><!-- \/wp:list -->\t\t\t\t\t\t\t\t<\/div>\n\t\t\t\t<\/div>\n\t\t\t\t\t<\/div>\n\t\t\t\t<\/div>\n\t\t\t\t<\/div>\n\t\t","protected":false},"excerpt":{"rendered":"<p>Der Bedarf an nachhaltigen Verpackungen oder Verpackungsmethoden wird in den kommenden Jahren noch mehr zunehmen. Das Umweltbewusstsein ist mehr als blo\u00df ein Trend und spielt eine wesentliche Rolle bei vielen Kaufentscheidungen. Wir bei Landefeld m\u00f6chten mithilfe von umweltfreundlichen Versandl\u00f6sungen unseren Beitrag dazu leisten, unser aller \u00d6kosysteme zu sch\u00fctzen. Dazu setzen wir auch bei der Umweltfreundlichkeit [&hellip;]<\/p>\n","protected":false},"author":3,"featured_media":3700,"comment_status":"closed","ping_status":"closed","sticky":false,"template":"tpl-single-standard.php","format":"standard","meta":{"_acf_changed":false,"footnotes":""},"categories":[44],"tags":[],"themenwelt":[11],"class_list":["post-2936","post","type-post","status-publish","format-standard","has-post-thumbnail","hentry","category-wissenswertes","themenwelt-nachhaltigkeit-umwelt"],"acf":[],"yoast_head":"<!-- This site is optimized with the Yoast SEO Premium plugin v27.0 (Yoast SEO v27.4) - https:\/\/yoast.com\/product\/yoast-seo-premium-wordpress\/ -->\n<title>Sammelverpackung - Eine nachhaltige Investition in die Zukunft!<\/title>\n<meta name=\"description\" content=\"Uns ist Umweltschitz und Nachhaltigkeit wichtig. Und dazu z\u00e4hlen auch umweltschonende Versandl\u00f6sungen wie unsere Sammelverpackung!\" \/>\n<meta name=\"robots\" content=\"index, follow, max-snippet:-1, max-image-preview:large, max-video-preview:-1\" \/>\n<link rel=\"canonical\" href=\"https:\/\/www.landefeld.de\/magazin\/sammelverpackung\/\" \/>\n<meta property=\"og:locale\" content=\"de_DE\" \/>\n<meta property=\"og:type\" content=\"article\" \/>\n<meta property=\"og:title\" content=\"Sammelverpackung - Eine nachhaltige Investition in die Zukunft!\" \/>\n<meta property=\"og:description\" content=\"Uns ist Umweltschitz und Nachhaltigkeit wichtig. Und dazu z\u00e4hlen auch umweltschonende Versandl\u00f6sungen wie unsere Sammelverpackung!\" \/>\n<meta property=\"og:url\" content=\"https:\/\/www.landefeld.de\/magazin\/sammelverpackung\/\" \/>\n<meta property=\"og:site_name\" content=\"Landefeld.de\" \/>\n<meta property=\"article:publisher\" content=\"https:\/\/www.facebook.com\/landefeld.de\" \/>\n<meta property=\"article:published_time\" content=\"2025-12-18T13:40:44+00:00\" \/>\n<meta property=\"article:modified_time\" content=\"2026-01-13T11:56:45+00:00\" \/>\n<meta property=\"og:image\" content=\"https:\/\/www.landefeld.de\/magazin\/wp-content\/uploads\/2025\/12\/Beitragsbild_YouTube_Sammelverpackung.jpg\" \/>\n\t<meta property=\"og:image:width\" content=\"1200\" \/>\n\t<meta property=\"og:image:height\" content=\"800\" \/>\n\t<meta property=\"og:image:type\" content=\"image\/jpeg\" \/>\n<meta name=\"author\" content=\"Patrick Putschelik\" \/>\n<meta name=\"twitter:card\" content=\"summary_large_image\" \/>\n<meta name=\"twitter:label1\" content=\"Verfasst von\" \/>\n\t<meta name=\"twitter:data1\" content=\"Patrick Putschelik\" \/>\n\t<meta name=\"twitter:label2\" content=\"Gesch\u00e4tzte Lesezeit\" \/>\n\t<meta name=\"twitter:data2\" content=\"8\u00a0Minuten\" \/>\n<script type=\"application\/ld+json\" class=\"yoast-schema-graph\">{\"@context\":\"https:\\\/\\\/schema.org\",\"@graph\":[{\"@type\":\"Article\",\"@id\":\"https:\\\/\\\/www.landefeld.de\\\/magazin\\\/sammelverpackung\\\/#article\",\"isPartOf\":{\"@id\":\"https:\\\/\\\/www.landefeld.de\\\/magazin\\\/sammelverpackung\\\/\"},\"author\":{\"name\":\"Patrick Putschelik\",\"@id\":\"https:\\\/\\\/www.landefeld.de\\\/magazin\\\/#\\\/schema\\\/person\\\/152e78d4ad6dcd6ca1e295b2bfc56e72\"},\"headline\":\"Sammelverpackung &#8211; Eine nachhaltige Investition in die Zukunft!\",\"datePublished\":\"2025-12-18T13:40:44+00:00\",\"dateModified\":\"2026-01-13T11:56:45+00:00\",\"mainEntityOfPage\":{\"@id\":\"https:\\\/\\\/www.landefeld.de\\\/magazin\\\/sammelverpackung\\\/\"},\"wordCount\":1218,\"publisher\":{\"@id\":\"https:\\\/\\\/www.landefeld.de\\\/magazin\\\/#organization\"},\"image\":{\"@id\":\"https:\\\/\\\/www.landefeld.de\\\/magazin\\\/sammelverpackung\\\/#primaryimage\"},\"thumbnailUrl\":\"https:\\\/\\\/www.landefeld.de\\\/magazin\\\/wp-content\\\/uploads\\\/2025\\\/12\\\/Beitragsbild_YouTube_Sammelverpackung.jpg\",\"articleSection\":[\"Wissenswertes\"],\"inLanguage\":\"de\"},{\"@type\":\"WebPage\",\"@id\":\"https:\\\/\\\/www.landefeld.de\\\/magazin\\\/sammelverpackung\\\/\",\"url\":\"https:\\\/\\\/www.landefeld.de\\\/magazin\\\/sammelverpackung\\\/\",\"name\":\"Sammelverpackung - Eine nachhaltige Investition in die Zukunft!\",\"isPartOf\":{\"@id\":\"https:\\\/\\\/www.landefeld.de\\\/magazin\\\/#website\"},\"primaryImageOfPage\":{\"@id\":\"https:\\\/\\\/www.landefeld.de\\\/magazin\\\/sammelverpackung\\\/#primaryimage\"},\"image\":{\"@id\":\"https:\\\/\\\/www.landefeld.de\\\/magazin\\\/sammelverpackung\\\/#primaryimage\"},\"thumbnailUrl\":\"https:\\\/\\\/www.landefeld.de\\\/magazin\\\/wp-content\\\/uploads\\\/2025\\\/12\\\/Beitragsbild_YouTube_Sammelverpackung.jpg\",\"datePublished\":\"2025-12-18T13:40:44+00:00\",\"dateModified\":\"2026-01-13T11:56:45+00:00\",\"description\":\"Uns ist Umweltschitz und Nachhaltigkeit wichtig. Und dazu z\u00e4hlen auch umweltschonende Versandl\u00f6sungen wie unsere Sammelverpackung!\",\"breadcrumb\":{\"@id\":\"https:\\\/\\\/www.landefeld.de\\\/magazin\\\/sammelverpackung\\\/#breadcrumb\"},\"inLanguage\":\"de\",\"potentialAction\":[{\"@type\":\"ReadAction\",\"target\":[\"https:\\\/\\\/www.landefeld.de\\\/magazin\\\/sammelverpackung\\\/\"]}]},{\"@type\":\"ImageObject\",\"inLanguage\":\"de\",\"@id\":\"https:\\\/\\\/www.landefeld.de\\\/magazin\\\/sammelverpackung\\\/#primaryimage\",\"url\":\"https:\\\/\\\/www.landefeld.de\\\/magazin\\\/wp-content\\\/uploads\\\/2025\\\/12\\\/Beitragsbild_YouTube_Sammelverpackung.jpg\",\"contentUrl\":\"https:\\\/\\\/www.landefeld.de\\\/magazin\\\/wp-content\\\/uploads\\\/2025\\\/12\\\/Beitragsbild_YouTube_Sammelverpackung.jpg\",\"width\":1200,\"height\":800,\"caption\":\"Beitragsbild Umweltschutz Sammelverpackung\"},{\"@type\":\"BreadcrumbList\",\"@id\":\"https:\\\/\\\/www.landefeld.de\\\/magazin\\\/sammelverpackung\\\/#breadcrumb\",\"itemListElement\":[{\"@type\":\"ListItem\",\"position\":1,\"name\":\"Startseite\",\"item\":\"https:\\\/\\\/www.landefeld.de\\\/magazin\\\/\"},{\"@type\":\"ListItem\",\"position\":2,\"name\":\"Sammelverpackung &#8211; Eine nachhaltige Investition in die Zukunft!\"}]},{\"@type\":\"WebSite\",\"@id\":\"https:\\\/\\\/www.landefeld.de\\\/magazin\\\/#website\",\"url\":\"https:\\\/\\\/www.landefeld.de\\\/magazin\\\/\",\"name\":\"Landefeld Magazin\",\"description\":\"\",\"publisher\":{\"@id\":\"https:\\\/\\\/www.landefeld.de\\\/magazin\\\/#organization\"},\"alternateName\":\"Landefeld\",\"potentialAction\":[{\"@type\":\"SearchAction\",\"target\":{\"@type\":\"EntryPoint\",\"urlTemplate\":\"https:\\\/\\\/www.landefeld.de\\\/magazin\\\/?s={search_term_string}\"},\"query-input\":{\"@type\":\"PropertyValueSpecification\",\"valueRequired\":true,\"valueName\":\"search_term_string\"}}],\"inLanguage\":\"de\"},{\"@type\":\"Organization\",\"@id\":\"https:\\\/\\\/www.landefeld.de\\\/magazin\\\/#organization\",\"name\":\"Landefeld Druckluft und Hydraulik GmbH\",\"alternateName\":\"Landefeld\",\"url\":\"https:\\\/\\\/www.landefeld.de\\\/magazin\\\/\",\"logo\":{\"@type\":\"ImageObject\",\"inLanguage\":\"de\",\"@id\":\"https:\\\/\\\/www.landefeld.de\\\/magazin\\\/#\\\/schema\\\/logo\\\/image\\\/\",\"url\":\"https:\\\/\\\/www.landefeld.de\\\/magazin\\\/wp-content\\\/uploads\\\/2025\\\/07\\\/landefeld-logo-blau.svg\",\"contentUrl\":\"https:\\\/\\\/www.landefeld.de\\\/magazin\\\/wp-content\\\/uploads\\\/2025\\\/07\\\/landefeld-logo-blau.svg\",\"width\":1445,\"height\":249,\"caption\":\"Landefeld Druckluft und Hydraulik GmbH\"},\"image\":{\"@id\":\"https:\\\/\\\/www.landefeld.de\\\/magazin\\\/#\\\/schema\\\/logo\\\/image\\\/\"},\"sameAs\":[\"https:\\\/\\\/www.facebook.com\\\/landefeld.de\",\"https:\\\/\\\/www.instagram.com\\\/landefeld_druckluft_hydraulik\\\/\",\"https:\\\/\\\/www.youtube.com\\\/@landefeld\",\"https:\\\/\\\/de.linkedin.com\\\/company\\\/landefeld-druckluft-und-hydraulik-gmbh\",\"https:\\\/\\\/www.xing.com\\\/pages\\\/landefelddruckluftundhydraulikgmbh\"],\"description\":\"Wir sind der f\u00fchrende, europaweit agierender Lieferant f\u00fcr Komponenten der Pneumatik, Hydraulik und des Industriebedarfs. In praktisch allen technischen Produktionsprozessen sind ein oder mehrere Artikel verbaut, die wir f\u00fcr Sie bevorraten. Als erfahrener Systemlieferant bedienen wir t\u00e4glich eine Vielzahl unterschiedlicher Branchen, Unternehmen und Menschen. Dabei spielt es keine Rolle ob Sie als Gro\u00dfkonzern, mittelst\u00e4ndisches Unternehmen, kleiner Handwerksbetrieb oder als Privatperson Kunde bei uns sind. Wir bieten all unseren Kunden den einzigartigen Landefeld Service!\",\"email\":\"verkauf@landefeld.de\",\"telephone\":\"+49561958859\",\"legalName\":\"Landefeld Druckluft und Hydraulik GmbH\",\"foundingDate\":\"1979-01-01\",\"vatID\":\"DE113078807\",\"numberOfEmployees\":{\"@type\":\"QuantitativeValue\",\"minValue\":\"201\",\"maxValue\":\"500\"}},{\"@type\":\"Person\",\"@id\":\"https:\\\/\\\/www.landefeld.de\\\/magazin\\\/#\\\/schema\\\/person\\\/152e78d4ad6dcd6ca1e295b2bfc56e72\",\"name\":\"Patrick Putschelik\",\"image\":{\"@type\":\"ImageObject\",\"inLanguage\":\"de\",\"@id\":\"https:\\\/\\\/secure.gravatar.com\\\/avatar\\\/7f71d1df390a08e1ceb17e4fea70cf8f5f9faecd6e2cf30d2329388fd3fc2498?s=96&d=mm&r=g\",\"url\":\"https:\\\/\\\/secure.gravatar.com\\\/avatar\\\/7f71d1df390a08e1ceb17e4fea70cf8f5f9faecd6e2cf30d2329388fd3fc2498?s=96&d=mm&r=g\",\"contentUrl\":\"https:\\\/\\\/secure.gravatar.com\\\/avatar\\\/7f71d1df390a08e1ceb17e4fea70cf8f5f9faecd6e2cf30d2329388fd3fc2498?s=96&d=mm&r=g\",\"caption\":\"Patrick Putschelik\"},\"url\":\"https:\\\/\\\/www.landefeld.de\\\/magazin\\\/author\\\/patrick-putschelik\\\/\"}]}<\/script>\n<!-- \/ Yoast SEO Premium plugin. -->","yoast_head_json":{"title":"Sammelverpackung - Eine nachhaltige Investition in die Zukunft!","description":"Uns ist Umweltschitz und Nachhaltigkeit wichtig. Und dazu z\u00e4hlen auch umweltschonende Versandl\u00f6sungen wie unsere Sammelverpackung!","robots":{"index":"index","follow":"follow","max-snippet":"max-snippet:-1","max-image-preview":"max-image-preview:large","max-video-preview":"max-video-preview:-1"},"canonical":"https:\/\/www.landefeld.de\/magazin\/sammelverpackung\/","og_locale":"de_DE","og_type":"article","og_title":"Sammelverpackung - Eine nachhaltige Investition in die Zukunft!","og_description":"Uns ist Umweltschitz und Nachhaltigkeit wichtig. Und dazu z\u00e4hlen auch umweltschonende Versandl\u00f6sungen wie unsere Sammelverpackung!","og_url":"https:\/\/www.landefeld.de\/magazin\/sammelverpackung\/","og_site_name":"Landefeld.de","article_publisher":"https:\/\/www.facebook.com\/landefeld.de","article_published_time":"2025-12-18T13:40:44+00:00","article_modified_time":"2026-01-13T11:56:45+00:00","og_image":[{"width":1200,"height":800,"url":"https:\/\/www.landefeld.de\/magazin\/wp-content\/uploads\/2025\/12\/Beitragsbild_YouTube_Sammelverpackung.jpg","type":"image\/jpeg"}],"author":"Patrick Putschelik","twitter_card":"summary_large_image","twitter_misc":{"Verfasst von":"Patrick Putschelik","Gesch\u00e4tzte Lesezeit":"8\u00a0Minuten"},"schema":{"@context":"https:\/\/schema.org","@graph":[{"@type":"Article","@id":"https:\/\/www.landefeld.de\/magazin\/sammelverpackung\/#article","isPartOf":{"@id":"https:\/\/www.landefeld.de\/magazin\/sammelverpackung\/"},"author":{"name":"Patrick Putschelik","@id":"https:\/\/www.landefeld.de\/magazin\/#\/schema\/person\/152e78d4ad6dcd6ca1e295b2bfc56e72"},"headline":"Sammelverpackung &#8211; Eine nachhaltige Investition in die Zukunft!","datePublished":"2025-12-18T13:40:44+00:00","dateModified":"2026-01-13T11:56:45+00:00","mainEntityOfPage":{"@id":"https:\/\/www.landefeld.de\/magazin\/sammelverpackung\/"},"wordCount":1218,"publisher":{"@id":"https:\/\/www.landefeld.de\/magazin\/#organization"},"image":{"@id":"https:\/\/www.landefeld.de\/magazin\/sammelverpackung\/#primaryimage"},"thumbnailUrl":"https:\/\/www.landefeld.de\/magazin\/wp-content\/uploads\/2025\/12\/Beitragsbild_YouTube_Sammelverpackung.jpg","articleSection":["Wissenswertes"],"inLanguage":"de"},{"@type":"WebPage","@id":"https:\/\/www.landefeld.de\/magazin\/sammelverpackung\/","url":"https:\/\/www.landefeld.de\/magazin\/sammelverpackung\/","name":"Sammelverpackung - Eine nachhaltige Investition in die Zukunft!","isPartOf":{"@id":"https:\/\/www.landefeld.de\/magazin\/#website"},"primaryImageOfPage":{"@id":"https:\/\/www.landefeld.de\/magazin\/sammelverpackung\/#primaryimage"},"image":{"@id":"https:\/\/www.landefeld.de\/magazin\/sammelverpackung\/#primaryimage"},"thumbnailUrl":"https:\/\/www.landefeld.de\/magazin\/wp-content\/uploads\/2025\/12\/Beitragsbild_YouTube_Sammelverpackung.jpg","datePublished":"2025-12-18T13:40:44+00:00","dateModified":"2026-01-13T11:56:45+00:00","description":"Uns ist Umweltschitz und Nachhaltigkeit wichtig. Und dazu z\u00e4hlen auch umweltschonende Versandl\u00f6sungen wie unsere Sammelverpackung!","breadcrumb":{"@id":"https:\/\/www.landefeld.de\/magazin\/sammelverpackung\/#breadcrumb"},"inLanguage":"de","potentialAction":[{"@type":"ReadAction","target":["https:\/\/www.landefeld.de\/magazin\/sammelverpackung\/"]}]},{"@type":"ImageObject","inLanguage":"de","@id":"https:\/\/www.landefeld.de\/magazin\/sammelverpackung\/#primaryimage","url":"https:\/\/www.landefeld.de\/magazin\/wp-content\/uploads\/2025\/12\/Beitragsbild_YouTube_Sammelverpackung.jpg","contentUrl":"https:\/\/www.landefeld.de\/magazin\/wp-content\/uploads\/2025\/12\/Beitragsbild_YouTube_Sammelverpackung.jpg","width":1200,"height":800,"caption":"Beitragsbild Umweltschutz Sammelverpackung"},{"@type":"BreadcrumbList","@id":"https:\/\/www.landefeld.de\/magazin\/sammelverpackung\/#breadcrumb","itemListElement":[{"@type":"ListItem","position":1,"name":"Startseite","item":"https:\/\/www.landefeld.de\/magazin\/"},{"@type":"ListItem","position":2,"name":"Sammelverpackung &#8211; Eine nachhaltige Investition in die Zukunft!"}]},{"@type":"WebSite","@id":"https:\/\/www.landefeld.de\/magazin\/#website","url":"https:\/\/www.landefeld.de\/magazin\/","name":"Landefeld Magazin","description":"","publisher":{"@id":"https:\/\/www.landefeld.de\/magazin\/#organization"},"alternateName":"Landefeld","potentialAction":[{"@type":"SearchAction","target":{"@type":"EntryPoint","urlTemplate":"https:\/\/www.landefeld.de\/magazin\/?s={search_term_string}"},"query-input":{"@type":"PropertyValueSpecification","valueRequired":true,"valueName":"search_term_string"}}],"inLanguage":"de"},{"@type":"Organization","@id":"https:\/\/www.landefeld.de\/magazin\/#organization","name":"Landefeld Druckluft und Hydraulik GmbH","alternateName":"Landefeld","url":"https:\/\/www.landefeld.de\/magazin\/","logo":{"@type":"ImageObject","inLanguage":"de","@id":"https:\/\/www.landefeld.de\/magazin\/#\/schema\/logo\/image\/","url":"https:\/\/www.landefeld.de\/magazin\/wp-content\/uploads\/2025\/07\/landefeld-logo-blau.svg","contentUrl":"https:\/\/www.landefeld.de\/magazin\/wp-content\/uploads\/2025\/07\/landefeld-logo-blau.svg","width":1445,"height":249,"caption":"Landefeld Druckluft und Hydraulik GmbH"},"image":{"@id":"https:\/\/www.landefeld.de\/magazin\/#\/schema\/logo\/image\/"},"sameAs":["https:\/\/www.facebook.com\/landefeld.de","https:\/\/www.instagram.com\/landefeld_druckluft_hydraulik\/","https:\/\/www.youtube.com\/@landefeld","https:\/\/de.linkedin.com\/company\/landefeld-druckluft-und-hydraulik-gmbh","https:\/\/www.xing.com\/pages\/landefelddruckluftundhydraulikgmbh"],"description":"Wir sind der f\u00fchrende, europaweit agierender Lieferant f\u00fcr Komponenten der Pneumatik, Hydraulik und des Industriebedarfs. In praktisch allen technischen Produktionsprozessen sind ein oder mehrere Artikel verbaut, die wir f\u00fcr Sie bevorraten. Als erfahrener Systemlieferant bedienen wir t\u00e4glich eine Vielzahl unterschiedlicher Branchen, Unternehmen und Menschen. Dabei spielt es keine Rolle ob Sie als Gro\u00dfkonzern, mittelst\u00e4ndisches Unternehmen, kleiner Handwerksbetrieb oder als Privatperson Kunde bei uns sind. Wir bieten all unseren Kunden den einzigartigen Landefeld Service!","email":"verkauf@landefeld.de","telephone":"+49561958859","legalName":"Landefeld Druckluft und Hydraulik GmbH","foundingDate":"1979-01-01","vatID":"DE113078807","numberOfEmployees":{"@type":"QuantitativeValue","minValue":"201","maxValue":"500"}},{"@type":"Person","@id":"https:\/\/www.landefeld.de\/magazin\/#\/schema\/person\/152e78d4ad6dcd6ca1e295b2bfc56e72","name":"Patrick Putschelik","image":{"@type":"ImageObject","inLanguage":"de","@id":"https:\/\/secure.gravatar.com\/avatar\/7f71d1df390a08e1ceb17e4fea70cf8f5f9faecd6e2cf30d2329388fd3fc2498?s=96&d=mm&r=g","url":"https:\/\/secure.gravatar.com\/avatar\/7f71d1df390a08e1ceb17e4fea70cf8f5f9faecd6e2cf30d2329388fd3fc2498?s=96&d=mm&r=g","contentUrl":"https:\/\/secure.gravatar.com\/avatar\/7f71d1df390a08e1ceb17e4fea70cf8f5f9faecd6e2cf30d2329388fd3fc2498?s=96&d=mm&r=g","caption":"Patrick Putschelik"},"url":"https:\/\/www.landefeld.de\/magazin\/author\/patrick-putschelik\/"}]}},"_links":{"self":[{"href":"https:\/\/www.landefeld.de\/magazin\/wp-json\/wp\/v2\/posts\/2936","targetHints":{"allow":["GET"]}}],"collection":[{"href":"https:\/\/www.landefeld.de\/magazin\/wp-json\/wp\/v2\/posts"}],"about":[{"href":"https:\/\/www.landefeld.de\/magazin\/wp-json\/wp\/v2\/types\/post"}],"author":[{"embeddable":true,"href":"https:\/\/www.landefeld.de\/magazin\/wp-json\/wp\/v2\/users\/3"}],"replies":[{"embeddable":true,"href":"https:\/\/www.landefeld.de\/magazin\/wp-json\/wp\/v2\/comments?post=2936"}],"version-history":[{"count":0,"href":"https:\/\/www.landefeld.de\/magazin\/wp-json\/wp\/v2\/posts\/2936\/revisions"}],"wp:featuredmedia":[{"embeddable":true,"href":"https:\/\/www.landefeld.de\/magazin\/wp-json\/wp\/v2\/media\/3700"}],"wp:attachment":[{"href":"https:\/\/www.landefeld.de\/magazin\/wp-json\/wp\/v2\/media?parent=2936"}],"wp:term":[{"taxonomy":"category","embeddable":true,"href":"https:\/\/www.landefeld.de\/magazin\/wp-json\/wp\/v2\/categories?post=2936"},{"taxonomy":"post_tag","embeddable":true,"href":"https:\/\/www.landefeld.de\/magazin\/wp-json\/wp\/v2\/tags?post=2936"},{"taxonomy":"themenwelt","embeddable":true,"href":"https:\/\/www.landefeld.de\/magazin\/wp-json\/wp\/v2\/themenwelt?post=2936"}],"curies":[{"name":"wp","href":"https:\/\/api.w.org\/{rel}","templated":true}]}}